[{"@context":"https:\/\/schema.org\/","@type":"BlogPosting","@id":"https:\/\/www.canariasconfidencial.com\/actualidad\/canarias-lider-en-la-creacion-de-autoempleo\/#BlogPosting","mainEntityOfPage":"https:\/\/www.canariasconfidencial.com\/actualidad\/canarias-lider-en-la-creacion-de-autoempleo\/","headline":"Canarias, l\u00edder en la creaci\u00f3n de autoempleo","name":"Canarias, l\u00edder en la creaci\u00f3n de autoempleo","description":"El empleo en Canarias se recupera en gran parte gracias a la creaci\u00f3n de autoempleo y de aut\u00f3nomos en el archipi\u00e9lago.","datePublished":"2019-01-04","dateModified":"2019-01-04","author":{"@type":"Person","@id":"https:\/\/www.canariasconfidencial.com\/author\/admin\/#Person","name":"Canarias Confidencial","url":"https:\/\/www.canariasconfidencial.com\/author\/admin\/","image":{"@type":"ImageObject","@id":"https:\/\/secure.gravatar.com\/avatar\/44ad1b7f51be99230dbaef835819598e?s=96&d=mm&r=g","url":"https:\/\/secure.gravatar.com\/avatar\/44ad1b7f51be99230dbaef835819598e?s=96&d=mm&r=g","height":96,"width":96}},"publisher":{"@type":"Organization","name":"Canarias Confidencial","logo":{"@type":"ImageObject","@id":"https:\/\/www.canariasconfidencial.com\/wp-content\/uploads\/2018\/07\/Canarias-Confidencial-1.png","url":"https:\/\/www.canariasconfidencial.com\/wp-content\/uploads\/2018\/07\/Canarias-Confidencial-1.png","width":600,"height":100}},"image":{"@type":"ImageObject","@id":"https:\/\/www.canariasconfidencial.com\/wp-content\/uploads\/2019\/01\/autoempleo-canarias.jpg","url":"https:\/\/www.canariasconfidencial.com\/wp-content\/uploads\/2019\/01\/autoempleo-canarias.jpg","height":432,"width":768},"url":"https:\/\/www.canariasconfidencial.com\/actualidad\/canarias-lider-en-la-creacion-de-autoempleo\/","about":["Actualidad"],"wordCount":377},{"@context":"https:\/\/schema.org\/","@type":"BreadcrumbList","itemListElement":[{"@type":"ListItem","position":1,"name":"Actualidad","item":"https:\/\/www.canariasconfidencial.com\/actualidad\/#breadcrumbitem"},{"@type":"ListItem","position":2,"name":"Canarias, l\u00edder en la creaci\u00f3n de autoempleo","item":"https:\/\/www.canariasconfidencial.com\/actualidad\/canarias-lider-en-la-creacion-de-autoempleo\/#breadcrumbitem"}]}]