[{"@context":"https:\/\/schema.org\/","@type":"BlogPosting","@id":"https:\/\/www.canariasconfidencial.com\/actualidad\/canarias-podria-perder-crecimiento\/#BlogPosting","mainEntityOfPage":"https:\/\/www.canariasconfidencial.com\/actualidad\/canarias-podria-perder-crecimiento\/","headline":"Las islas podr\u00edan perder un 7,6% de crecimiento","name":"Las islas podr\u00edan perder un 7,6% de crecimiento","description":"Adem\u00e1s de los 480 millones en riesgo por los convenios, si se incumple el REF y la igualaci\u00f3n inversora, se impide crear 5.267 empleos al a\u00f1o hasta 2026.","datePublished":"2018-12-28","dateModified":"2018-12-28","author":{"@type":"Person","@id":"https:\/\/www.canariasconfidencial.com\/author\/admin\/#Person","name":"Canarias Confidencial","url":"https:\/\/www.canariasconfidencial.com\/author\/admin\/","image":{"@type":"ImageObject","@id":"https:\/\/secure.gravatar.com\/avatar\/44ad1b7f51be99230dbaef835819598e?s=96&d=mm&r=g","url":"https:\/\/secure.gravatar.com\/avatar\/44ad1b7f51be99230dbaef835819598e?s=96&d=mm&r=g","height":96,"width":96}},"publisher":{"@type":"Organization","name":"Canarias Confidencial","logo":{"@type":"ImageObject","@id":"https:\/\/www.canariasconfidencial.com\/wp-content\/uploads\/2018\/07\/Canarias-Confidencial-1.png","url":"https:\/\/www.canariasconfidencial.com\/wp-content\/uploads\/2018\/07\/Canarias-Confidencial-1.png","width":600,"height":100}},"image":{"@type":"ImageObject","@id":"https:\/\/www.canariasconfidencial.com\/wp-content\/uploads\/2018\/12\/Economi\u0301a-en-Canarias.jpg","url":"https:\/\/www.canariasconfidencial.com\/wp-content\/uploads\/2018\/12\/Economi\u0301a-en-Canarias.jpg","height":700,"width":1200},"url":"https:\/\/www.canariasconfidencial.com\/actualidad\/canarias-podria-perder-crecimiento\/","about":["Actualidad"],"wordCount":350},{"@context":"https:\/\/schema.org\/","@type":"BreadcrumbList","itemListElement":[{"@type":"ListItem","position":1,"name":"Actualidad","item":"https:\/\/www.canariasconfidencial.com\/actualidad\/#breadcrumbitem"},{"@type":"ListItem","position":2,"name":"Las islas podr\u00edan perder un 7,6% de crecimiento","item":"https:\/\/www.canariasconfidencial.com\/actualidad\/canarias-podria-perder-crecimiento\/#breadcrumbitem"}]}]