[{"@context":"https:\/\/schema.org\/","@type":"BlogPosting","@id":"https:\/\/www.canariasconfidencial.com\/actualidad\/cuatro-anos-mas-de-clavijo\/#BlogPosting","mainEntityOfPage":"https:\/\/www.canariasconfidencial.com\/actualidad\/cuatro-anos-mas-de-clavijo\/","headline":"\u00bfDe verdad son necesarios cuatro a\u00f1os m\u00e1s de Clavijo?","name":"\u00bfDe verdad son necesarios cuatro a\u00f1os m\u00e1s de Clavijo?","description":"Alucinante. Fernando Clavijo, presidente de Canarias, optar\u00e1 a la reelecci\u00f3n del Gobierno auton\u00f3mico porque piensa que necesita otros cuatro a\u00f1os para igualar a Canarias con la media nacional en todos los par\u00e1metros. \u00bfEn serio? As\u00ed, espera que el famoso y perjudicial &#171;caso gr\u00faas&#187;, en el que figura como investigado (un t\u00e9rmino que reemplaz\u00f3 a &#171;imputado&#187;), [&hellip;]","datePublished":"2019-03-12","dateModified":"2019-03-12","author":{"@type":"Person","@id":"https:\/\/www.canariasconfidencial.com\/author\/admin\/#Person","name":"Canarias Confidencial","url":"https:\/\/www.canariasconfidencial.com\/author\/admin\/","image":{"@type":"ImageObject","@id":"https:\/\/secure.gravatar.com\/avatar\/44ad1b7f51be99230dbaef835819598e?s=96&d=mm&r=g","url":"https:\/\/secure.gravatar.com\/avatar\/44ad1b7f51be99230dbaef835819598e?s=96&d=mm&r=g","height":96,"width":96}},"publisher":{"@type":"Organization","name":"Canarias Confidencial","logo":{"@type":"ImageObject","@id":"https:\/\/www.canariasconfidencial.com\/wp-content\/uploads\/2018\/07\/Canarias-Confidencial-1.png","url":"https:\/\/www.canariasconfidencial.com\/wp-content\/uploads\/2018\/07\/Canarias-Confidencial-1.png","width":600,"height":100}},"image":{"@type":"ImageObject","@id":"https:\/\/www.canariasconfidencial.com\/wp-content\/uploads\/2019\/03\/Fernando-Clavijo.jpeg","url":"https:\/\/www.canariasconfidencial.com\/wp-content\/uploads\/2019\/03\/Fernando-Clavijo.jpeg","height":900,"width":1600},"url":"https:\/\/www.canariasconfidencial.com\/actualidad\/cuatro-anos-mas-de-clavijo\/","about":["Actualidad"],"wordCount":440},{"@context":"https:\/\/schema.org\/","@type":"BreadcrumbList","itemListElement":[{"@type":"ListItem","position":1,"name":"Actualidad","item":"https:\/\/www.canariasconfidencial.com\/actualidad\/#breadcrumbitem"},{"@type":"ListItem","position":2,"name":"\u00bfDe verdad son necesarios cuatro a\u00f1os m\u00e1s de Clavijo?","item":"https:\/\/www.canariasconfidencial.com\/actualidad\/cuatro-anos-mas-de-clavijo\/#breadcrumbitem"}]}]