[{"@context":"https:\/\/schema.org\/","@type":"BlogPosting","@id":"https:\/\/www.canariasconfidencial.com\/actualidad\/cultura-fiestas-naval-pilar-grancanaria-comunitario_0_820668068-html\/#BlogPosting","mainEntityOfPage":"https:\/\/www.canariasconfidencial.com\/actualidad\/cultura-fiestas-naval-pilar-grancanaria-comunitario_0_820668068-html\/","headline":"Las fiestas de La Naval y del Pilar traen a la capital grancanaria una muestra de cine social y comunitario","name":"Las fiestas de La Naval y del Pilar traen a la capital grancanaria una muestra de cine social y comunitario","description":"Las Palmas de Gran Canaria disfrutar\u00e1 durante este mes de octubre de SOCO, la I Muestra de Cine Social y Comunitario, que coincidir\u00e1 con las fiestas del Pilar y La Naval. La idea ha sido creada por la directora de cine Alba Gonz\u00e1lez de Molina y la Asociaci\u00f3n Atlas, y cuentan con la ayuda de [&hellip;]","datePublished":"2018-10-02","dateModified":"2018-10-02","author":{"@type":"Person","@id":"https:\/\/www.canariasconfidencial.com\/author\/admin\/#Person","name":"Canarias Confidencial","url":"https:\/\/www.canariasconfidencial.com\/author\/admin\/","image":{"@type":"ImageObject","@id":"https:\/\/secure.gravatar.com\/avatar\/44ad1b7f51be99230dbaef835819598e?s=96&d=mm&r=g","url":"https:\/\/secure.gravatar.com\/avatar\/44ad1b7f51be99230dbaef835819598e?s=96&d=mm&r=g","height":96,"width":96}},"publisher":{"@type":"Organization","name":"Canarias Confidencial","logo":{"@type":"ImageObject","@id":"https:\/\/www.canariasconfidencial.com\/wp-content\/uploads\/2018\/07\/Canarias-Confidencial-1.png","url":"https:\/\/www.canariasconfidencial.com\/wp-content\/uploads\/2018\/07\/Canarias-Confidencial-1.png","width":600,"height":100}},"image":{"@type":"ImageObject","@id":"https:\/\/www.canariasconfidencial.com\/wp-content\/uploads\/2018\/10\/image-2.jpg","url":"https:\/\/www.canariasconfidencial.com\/wp-content\/uploads\/2018\/10\/image-2.jpg","height":362,"width":643},"url":"https:\/\/www.canariasconfidencial.com\/actualidad\/cultura-fiestas-naval-pilar-grancanaria-comunitario_0_820668068-html\/","about":["Actualidad"],"wordCount":343},{"@context":"https:\/\/schema.org\/","@type":"BreadcrumbList","itemListElement":[{"@type":"ListItem","position":1,"name":"Actualidad","item":"https:\/\/www.canariasconfidencial.com\/actualidad\/#breadcrumbitem"},{"@type":"ListItem","position":2,"name":"Las fiestas de La Naval y del Pilar traen a la capital grancanaria una muestra de cine social y comunitario","item":"https:\/\/www.canariasconfidencial.com\/actualidad\/cultura-fiestas-naval-pilar-grancanaria-comunitario_0_820668068-html\/#breadcrumbitem"}]}]