[{"@context":"https:\/\/schema.org\/","@type":"BlogPosting","@id":"https:\/\/www.canariasconfidencial.com\/actualidad\/economia-privado-emalsa-devolver-empresa-publicas_0_822418202-html\/#BlogPosting","mainEntityOfPage":"https:\/\/www.canariasconfidencial.com\/actualidad\/economia-privado-emalsa-devolver-empresa-publicas_0_822418202-html\/","headline":"El asalto privado a Emalsa que puede devolver la empresa a manos p\u00fablicas","name":"El asalto privado a Emalsa que puede devolver la empresa a manos p\u00fablicas","description":"El Ayuntamiento de Las Palmas de Gran Canaria decidi\u00f3 en 1993 que la gesti\u00f3n del ciclo integral del agua (desalaci\u00f3n, distribuci\u00f3n, alcantarillado y depuraci\u00f3n) deb\u00eda ser mixta durante 50 a\u00f1os. El Consistorio capitalino se qued\u00f3 con el 34% de las acciones. El restante 66% se lo repartieron a partes iguales la empresa francesa Saur y [&hellip;]","datePublished":"2018-10-08","dateModified":"2018-10-08","author":{"@type":"Person","@id":"https:\/\/www.canariasconfidencial.com\/author\/admin\/#Person","name":"Canarias Confidencial","url":"https:\/\/www.canariasconfidencial.com\/author\/admin\/","image":{"@type":"ImageObject","@id":"https:\/\/secure.gravatar.com\/avatar\/44ad1b7f51be99230dbaef835819598e?s=96&d=mm&r=g","url":"https:\/\/secure.gravatar.com\/avatar\/44ad1b7f51be99230dbaef835819598e?s=96&d=mm&r=g","height":96,"width":96}},"publisher":{"@type":"Organization","name":"Canarias Confidencial","logo":{"@type":"ImageObject","@id":"https:\/\/www.canariasconfidencial.com\/wp-content\/uploads\/2018\/07\/Canarias-Confidencial-1.png","url":"https:\/\/www.canariasconfidencial.com\/wp-content\/uploads\/2018\/07\/Canarias-Confidencial-1.png","width":600,"height":100}},"image":{"@type":"ImageObject","@id":"https:\/\/www.canariasconfidencial.com\/wp-content\/uploads\/2018\/10\/image-60.jpg","url":"https:\/\/www.canariasconfidencial.com\/wp-content\/uploads\/2018\/10\/image-60.jpg","height":362,"width":643},"url":"https:\/\/www.canariasconfidencial.com\/actualidad\/economia-privado-emalsa-devolver-empresa-publicas_0_822418202-html\/","about":["Actualidad"],"wordCount":2875},{"@context":"https:\/\/schema.org\/","@type":"BreadcrumbList","itemListElement":[{"@type":"ListItem","position":1,"name":"Actualidad","item":"https:\/\/www.canariasconfidencial.com\/actualidad\/#breadcrumbitem"},{"@type":"ListItem","position":2,"name":"El asalto privado a Emalsa que puede devolver la empresa a manos p\u00fablicas","item":"https:\/\/www.canariasconfidencial.com\/actualidad\/economia-privado-emalsa-devolver-empresa-publicas_0_822418202-html\/#breadcrumbitem"}]}]