[{"@context":"https:\/\/schema.org\/","@type":"BlogPosting","@id":"https:\/\/www.canariasconfidencial.com\/actualidad\/en-canarias-no-se-trabaja\/#BlogPosting","mainEntityOfPage":"https:\/\/www.canariasconfidencial.com\/actualidad\/en-canarias-no-se-trabaja\/","headline":"\u00bfEs cierto que en Canarias &#171;no se da un palo al agua&#187;?","name":"\u00bfEs cierto que en Canarias &#171;no se da un palo al agua&#187;?","description":"A pesar de la imagen de \"aplatanados\" de los canarios, las estad\u00edsticas muestran todo lo contrario, ya que son los segundos que m\u00e1s trabajan en Espa\u00f1a.","datePublished":"2018-12-26","dateModified":"2018-12-26","author":{"@type":"Person","@id":"https:\/\/www.canariasconfidencial.com\/author\/admin\/#Person","name":"Canarias Confidencial","url":"https:\/\/www.canariasconfidencial.com\/author\/admin\/","image":{"@type":"ImageObject","@id":"https:\/\/secure.gravatar.com\/avatar\/44ad1b7f51be99230dbaef835819598e?s=96&d=mm&r=g","url":"https:\/\/secure.gravatar.com\/avatar\/44ad1b7f51be99230dbaef835819598e?s=96&d=mm&r=g","height":96,"width":96}},"publisher":{"@type":"Organization","name":"Canarias Confidencial","logo":{"@type":"ImageObject","@id":"https:\/\/www.canariasconfidencial.com\/wp-content\/uploads\/2018\/07\/Canarias-Confidencial-1.png","url":"https:\/\/www.canariasconfidencial.com\/wp-content\/uploads\/2018\/07\/Canarias-Confidencial-1.png","width":600,"height":100}},"image":{"@type":"ImageObject","@id":"https:\/\/www.canariasconfidencial.com\/wp-content\/uploads\/2018\/12\/Trabajador.jpg","url":"https:\/\/www.canariasconfidencial.com\/wp-content\/uploads\/2018\/12\/Trabajador.jpg","height":1000,"width":1500},"url":"https:\/\/www.canariasconfidencial.com\/actualidad\/en-canarias-no-se-trabaja\/","about":["Actualidad"],"wordCount":219},{"@context":"https:\/\/schema.org\/","@type":"BreadcrumbList","itemListElement":[{"@type":"ListItem","position":1,"name":"Actualidad","item":"https:\/\/www.canariasconfidencial.com\/actualidad\/#breadcrumbitem"},{"@type":"ListItem","position":2,"name":"\u00bfEs cierto que en Canarias &#171;no se da un palo al agua&#187;?","item":"https:\/\/www.canariasconfidencial.com\/actualidad\/en-canarias-no-se-trabaja\/#breadcrumbitem"}]}]