[{"@context":"https:\/\/schema.org\/","@type":"BlogPosting","@id":"https:\/\/www.canariasconfidencial.com\/actualidad\/la-exportacion-de-quesos-canarios-al-alza\/#BlogPosting","mainEntityOfPage":"https:\/\/www.canariasconfidencial.com\/actualidad\/la-exportacion-de-quesos-canarios-al-alza\/","headline":"La exportaci\u00f3n de quesos canarios, al alza","name":"La exportaci\u00f3n de quesos canarios, al alza","description":"Las queser\u00edas canarias exportan un 46% m\u00e1s de producto que en el a\u00f1o 2015, lo que evidencia la gran proyecci\u00f3n internacional de los quesos del archipi\u00e9lago.","datePublished":"2019-03-13","dateModified":"2019-03-13","author":{"@type":"Person","@id":"https:\/\/www.canariasconfidencial.com\/author\/admin\/#Person","name":"Canarias Confidencial","url":"https:\/\/www.canariasconfidencial.com\/author\/admin\/","image":{"@type":"ImageObject","@id":"https:\/\/secure.gravatar.com\/avatar\/44ad1b7f51be99230dbaef835819598e?s=96&d=mm&r=g","url":"https:\/\/secure.gravatar.com\/avatar\/44ad1b7f51be99230dbaef835819598e?s=96&d=mm&r=g","height":96,"width":96}},"publisher":{"@type":"Organization","name":"Canarias Confidencial","logo":{"@type":"ImageObject","@id":"https:\/\/www.canariasconfidencial.com\/wp-content\/uploads\/2018\/07\/Canarias-Confidencial-1.png","url":"https:\/\/www.canariasconfidencial.com\/wp-content\/uploads\/2018\/07\/Canarias-Confidencial-1.png","width":600,"height":100}},"image":{"@type":"ImageObject","@id":"https:\/\/www.canariasconfidencial.com\/wp-content\/uploads\/2019\/03\/Quesos-Canarios.jpg","url":"https:\/\/www.canariasconfidencial.com\/wp-content\/uploads\/2019\/03\/Quesos-Canarios.jpg","height":960,"width":1280},"url":"https:\/\/www.canariasconfidencial.com\/actualidad\/la-exportacion-de-quesos-canarios-al-alza\/","about":["Actualidad"],"wordCount":374},{"@context":"https:\/\/schema.org\/","@type":"BreadcrumbList","itemListElement":[{"@type":"ListItem","position":1,"name":"Actualidad","item":"https:\/\/www.canariasconfidencial.com\/actualidad\/#breadcrumbitem"},{"@type":"ListItem","position":2,"name":"La exportaci\u00f3n de quesos canarios, al alza","item":"https:\/\/www.canariasconfidencial.com\/actualidad\/la-exportacion-de-quesos-canarios-al-alza\/#breadcrumbitem"}]}]