[{"@context":"https:\/\/schema.org\/","@type":"BlogPosting","@id":"https:\/\/www.canariasconfidencial.com\/actualidad\/los-agricultores-sacaran-los-tractores-a-las-calles\/#BlogPosting","mainEntityOfPage":"https:\/\/www.canariasconfidencial.com\/actualidad\/los-agricultores-sacaran-los-tractores-a-las-calles\/","headline":"Los agricultores sacar\u00e1n los tractores a las calles","name":"Los agricultores sacar\u00e1n los tractores a las calles","description":"Los agricultores canarios sacar\u00e1n sus tractores a las calles para exigir el pago de ayudas estatales que compensen los sobrecostes pagados por el agua.","datePublished":"2019-01-24","dateModified":"2019-01-24","author":{"@type":"Person","@id":"https:\/\/www.canariasconfidencial.com\/author\/admin\/#Person","name":"Canarias Confidencial","url":"https:\/\/www.canariasconfidencial.com\/author\/admin\/","image":{"@type":"ImageObject","@id":"https:\/\/secure.gravatar.com\/avatar\/44ad1b7f51be99230dbaef835819598e?s=96&d=mm&r=g","url":"https:\/\/secure.gravatar.com\/avatar\/44ad1b7f51be99230dbaef835819598e?s=96&d=mm&r=g","height":96,"width":96}},"publisher":{"@type":"Organization","name":"Canarias Confidencial","logo":{"@type":"ImageObject","@id":"https:\/\/www.canariasconfidencial.com\/wp-content\/uploads\/2018\/07\/Canarias-Confidencial-1.png","url":"https:\/\/www.canariasconfidencial.com\/wp-content\/uploads\/2018\/07\/Canarias-Confidencial-1.png","width":600,"height":100}},"image":{"@type":"ImageObject","@id":"https:\/\/www.canariasconfidencial.com\/wp-content\/uploads\/2019\/01\/Agricultores-manifesta\u0301ndose.jpg","url":"https:\/\/www.canariasconfidencial.com\/wp-content\/uploads\/2019\/01\/Agricultores-manifesta\u0301ndose.jpg","height":869,"width":1159},"url":"https:\/\/www.canariasconfidencial.com\/actualidad\/los-agricultores-sacaran-los-tractores-a-las-calles\/","about":["Actualidad"],"wordCount":334},{"@context":"https:\/\/schema.org\/","@type":"BreadcrumbList","itemListElement":[{"@type":"ListItem","position":1,"name":"Actualidad","item":"https:\/\/www.canariasconfidencial.com\/actualidad\/#breadcrumbitem"},{"@type":"ListItem","position":2,"name":"Los agricultores sacar\u00e1n los tractores a las calles","item":"https:\/\/www.canariasconfidencial.com\/actualidad\/los-agricultores-sacaran-los-tractores-a-las-calles\/#breadcrumbitem"}]}]