[{"@context":"https:\/\/schema.org\/","@type":"BlogPosting","@id":"https:\/\/www.canariasconfidencial.com\/actualidad\/nuevas-pobilidades-movilidad-electrica-canarias\/#BlogPosting","mainEntityOfPage":"https:\/\/www.canariasconfidencial.com\/actualidad\/nuevas-pobilidades-movilidad-electrica-canarias\/","headline":"Se abren nuevas posibilidades para la movilidad el\u00e9ctrica en Canarias","name":"Se abren nuevas posibilidades para la movilidad el\u00e9ctrica en Canarias","description":"Con la aprobaci\u00f3n del anteproyecto de Ley de Cambio Clim\u00e1tico y Transici\u00f3n Energ\u00e9tica (LCCTE) en el Consejo de Ministros del Gobierno de Espa\u00f1a el pasado 22 de febrero de 2019 se ha abierto un nuevo escenario que cambiar\u00e1 radicalmente la forma en la que los ciudadanos conciben el d\u00eda a d\u00eda, algo de lo que [&hellip;]","datePublished":"2019-04-12","dateModified":"2019-04-12","author":{"@type":"Person","@id":"https:\/\/www.canariasconfidencial.com\/author\/admin\/#Person","name":"Canarias Confidencial","url":"https:\/\/www.canariasconfidencial.com\/author\/admin\/","image":{"@type":"ImageObject","@id":"https:\/\/secure.gravatar.com\/avatar\/44ad1b7f51be99230dbaef835819598e?s=96&d=mm&r=g","url":"https:\/\/secure.gravatar.com\/avatar\/44ad1b7f51be99230dbaef835819598e?s=96&d=mm&r=g","height":96,"width":96}},"publisher":{"@type":"Organization","name":"Canarias Confidencial","logo":{"@type":"ImageObject","@id":"https:\/\/www.canariasconfidencial.com\/wp-content\/uploads\/2018\/07\/Canarias-Confidencial-1.png","url":"https:\/\/www.canariasconfidencial.com\/wp-content\/uploads\/2018\/07\/Canarias-Confidencial-1.png","width":600,"height":100}},"image":{"@type":"ImageObject","@id":"https:\/\/www.canariasconfidencial.com\/wp-content\/uploads\/2019\/04\/tree-1247796_1280-2.png","url":"https:\/\/www.canariasconfidencial.com\/wp-content\/uploads\/2019\/04\/tree-1247796_1280-2.png","height":723,"width":1280},"url":"https:\/\/www.canariasconfidencial.com\/actualidad\/nuevas-pobilidades-movilidad-electrica-canarias\/","about":["Actualidad"],"wordCount":599},{"@context":"https:\/\/schema.org\/","@type":"BreadcrumbList","itemListElement":[{"@type":"ListItem","position":1,"name":"Actualidad","item":"https:\/\/www.canariasconfidencial.com\/actualidad\/#breadcrumbitem"},{"@type":"ListItem","position":2,"name":"Se abren nuevas posibilidades para la movilidad el\u00e9ctrica en Canarias","item":"https:\/\/www.canariasconfidencial.com\/actualidad\/nuevas-pobilidades-movilidad-electrica-canarias\/#breadcrumbitem"}]}]