[{"@context":"https:\/\/schema.org\/","@type":"BlogPosting","@id":"https:\/\/www.canariasconfidencial.com\/actualidad\/politica-santana-primarias-podemos-presidencia-canarias_0_822418195-html\/#BlogPosting","mainEntityOfPage":"https:\/\/www.canariasconfidencial.com\/actualidad\/politica-santana-primarias-podemos-presidencia-canarias_0_822418195-html\/","headline":"Noem\u00ed Santana anuncia su candidatura a las Primarias de Podemos para optar a la Presidencia de Canarias","name":"Noem\u00ed Santana anuncia su candidatura a las Primarias de Podemos para optar a la Presidencia de Canarias","description":"La portavoz del Grupo Parlamentario de Podemos en el Parlamento de Canarias y secretaria general de la formaci\u00f3n morada en el Archipi\u00e9lago, Noem\u00ed Santana, anunci\u00f3 a \u00faltima hora de este domingo que se presentar\u00e1 al proceso de Primarias de la formaci\u00f3n morada para ser candidata a la Presidencia de Canarias en las elecciones auton\u00f3micas de [&hellip;]","datePublished":"2018-10-07","dateModified":"2018-10-07","author":{"@type":"Person","@id":"https:\/\/www.canariasconfidencial.com\/author\/admin\/#Person","name":"Canarias Confidencial","url":"https:\/\/www.canariasconfidencial.com\/author\/admin\/","image":{"@type":"ImageObject","@id":"https:\/\/secure.gravatar.com\/avatar\/44ad1b7f51be99230dbaef835819598e?s=96&d=mm&r=g","url":"https:\/\/secure.gravatar.com\/avatar\/44ad1b7f51be99230dbaef835819598e?s=96&d=mm&r=g","height":96,"width":96}},"publisher":{"@type":"Organization","name":"Canarias Confidencial","logo":{"@type":"ImageObject","@id":"https:\/\/www.canariasconfidencial.com\/wp-content\/uploads\/2018\/07\/Canarias-Confidencial-1.png","url":"https:\/\/www.canariasconfidencial.com\/wp-content\/uploads\/2018\/07\/Canarias-Confidencial-1.png","width":600,"height":100}},"image":{"@type":"ImageObject","@id":"https:\/\/www.canariasconfidencial.com\/wp-content\/uploads\/2018\/10\/image-59.jpg","url":"https:\/\/www.canariasconfidencial.com\/wp-content\/uploads\/2018\/10\/image-59.jpg","height":362,"width":643},"url":"https:\/\/www.canariasconfidencial.com\/actualidad\/politica-santana-primarias-podemos-presidencia-canarias_0_822418195-html\/","about":["Actualidad"],"wordCount":408},{"@context":"https:\/\/schema.org\/","@type":"BreadcrumbList","itemListElement":[{"@type":"ListItem","position":1,"name":"Actualidad","item":"https:\/\/www.canariasconfidencial.com\/actualidad\/#breadcrumbitem"},{"@type":"ListItem","position":2,"name":"Noem\u00ed Santana anuncia su candidatura a las Primarias de Podemos para optar a la Presidencia de Canarias","item":"https:\/\/www.canariasconfidencial.com\/actualidad\/politica-santana-primarias-podemos-presidencia-canarias_0_822418195-html\/#breadcrumbitem"}]}]