[{"@context":"https:\/\/schema.org\/","@type":"BlogPosting","@id":"https:\/\/www.canariasconfidencial.com\/gran-canaria\/20-claves-educativas-para-el-2020-la-inmersion-en-la-sociedad-del-siglo-xxi\/#BlogPosting","mainEntityOfPage":"https:\/\/www.canariasconfidencial.com\/gran-canaria\/20-claves-educativas-para-el-2020-la-inmersion-en-la-sociedad-del-siglo-xxi\/","headline":"20 Claves Educativas para el 2020: La inmersi\u00f3n en la sociedad del siglo XXI","name":"20 Claves Educativas para el 2020: La inmersi\u00f3n en la sociedad del siglo XXI","description":"&nbsp; &nbsp; Principales desafi\u0301os que debe abordar la educacio\u0301n para adaptarse a la sociedad del siglo XXI Los sistemas educativos siguen basa\u0301ndose en modelos tradicionales y confeccionados hace ma\u0301s de 100 an\u0303os, los cambios no parecen ser responsabilidad exclusiva de la educacio\u0301n sino que se requieren cambios globales. Es necesario que los gobiernos inviertan ma\u0301s [&hellip;]","datePublished":"2015-10-13","dateModified":"2015-10-13","author":{"@type":"Person","@id":"https:\/\/www.canariasconfidencial.com\/author\/admin\/#Person","name":"Canarias Confidencial","url":"https:\/\/www.canariasconfidencial.com\/author\/admin\/","image":{"@type":"ImageObject","@id":"https:\/\/secure.gravatar.com\/avatar\/44ad1b7f51be99230dbaef835819598e?s=96&d=mm&r=g","url":"https:\/\/secure.gravatar.com\/avatar\/44ad1b7f51be99230dbaef835819598e?s=96&d=mm&r=g","height":96,"width":96}},"publisher":{"@type":"Organization","name":"Canarias Confidencial","logo":{"@type":"ImageObject","@id":"https:\/\/www.canariasconfidencial.com\/wp-content\/uploads\/2018\/07\/Canarias-Confidencial-1.png","url":"https:\/\/www.canariasconfidencial.com\/wp-content\/uploads\/2018\/07\/Canarias-Confidencial-1.png","width":600,"height":100}},"image":{"@type":"ImageObject","@id":"http:\/\/www.ucarecdn.com\/5490c56a-4df5-46bd-9fd9-cc918a1a7a18\/-\/crop\/7289x4198\/0,400\/-\/preview\/","url":"http:\/\/www.ucarecdn.com\/5490c56a-4df5-46bd-9fd9-cc918a1a7a18\/-\/crop\/7289x4198\/0,400\/-\/preview\/","height":"","width":""},"url":"https:\/\/www.canariasconfidencial.com\/gran-canaria\/20-claves-educativas-para-el-2020-la-inmersion-en-la-sociedad-del-siglo-xxi\/","video":{"@context":"http:\/\/schema.org\/","@type":"VideoObject","@id":"https:\/\/www.youtube.com\/watch?v=9C3VhR5htz8#VideoObject","contentUrl":"https:\/\/www.youtube.com\/watch?v=9C3VhR5htz8","name":"Crist\u00f3bal Cobo, Si la tecnolog\u00eda era la respuesta, \u00bfcu\u00e1l es la pregunta?","description":"Presentaci\u00f3n de Cristobal Cobo para el Tema 1: Relaciones entre educaci\u00f3n, sociedad y trabajo del  Encuentro Internacional de Educaci\u00f3n 2012\/2013, organizado por Fundaci\u00f3n Telef\u00f3nica\nhttp:\/\/encuentro.educared.org\/page\/tema-1","thumbnailUrl":["https:\/\/i.ytimg.com\/vi\/9C3VhR5htz8\/default.jpg","https:\/\/i.ytimg.com\/vi\/9C3VhR5htz8\/mqdefault.jpg","https:\/\/i.ytimg.com\/vi\/9C3VhR5htz8\/hqdefault.jpg"],"uploadDate":"2013-11-08T12:56:11+00:00","duration":"PT4M6S","embedUrl":"https:\/\/www.youtube.com\/embed\/9C3VhR5htz8","publisher":{"@type":"Organization","@id":"https:\/\/www.youtube.com\/channel\/UC7IRzO50QmUQ8rvcix7fjtA#Organization","url":"https:\/\/www.youtube.com\/channel\/UC7IRzO50QmUQ8rvcix7fjtA","name":"Fundaci\u00f3n Telef\u00f3nica","description":"Canal audiovisual del Encuentro Internacional de Educaci\u00f3n (2012-2013) organizado por Fundaci\u00f3n Telef\u00f3nica. Se celebr\u00f3 online desde abril 2012, hasta octubre de 2013, con eventos presenciales en Espa\u00f1a y distintos pa\u00edses de Latinoam\u00e9rica..","logo":{"url":"https:\/\/yt3.ggpht.com\/ytc\/AIdro_nMhI8gYEzL5ohne0a46vLG0_6pIyJdVMaoi0gA_2RBbQ=s800-c-k-c0x00ffffff-no-rj","width":800,"height":800,"@type":"ImageObject","@id":"https:\/\/www.youtube.com\/watch?v=9C3VhR5htz8#VideoObject_publisher_logo_ImageObject"}},"potentialAction":{"@type":"SeekToAction","@id":"https:\/\/www.youtube.com\/watch?v=9C3VhR5htz8#VideoObject_potentialAction","target":"https:\/\/www.youtube.com\/watch?v=9C3VhR5htz8&t={seek_to_second_number}","startOffset-input":"required name=seek_to_second_number"},"interactionStatistic":[[{"@type":"InteractionCounter","@id":"https:\/\/www.youtube.com\/watch?v=9C3VhR5htz8#VideoObject_interactionStatistic_WatchAction","interactionType":{"@type":"WatchAction"},"userInteractionCount":2871}],{"@type":"InteractionCounter","@id":"https:\/\/www.youtube.com\/watch?v=9C3VhR5htz8#VideoObject_interactionStatistic_LikeAction","interactionType":{"@type":"LikeAction"},"userInteractionCount":14}]},"about":["Gran Canaria"],"wordCount":537},{"@context":"https:\/\/schema.org\/","@type":"BreadcrumbList","itemListElement":[{"@type":"ListItem","position":1,"name":"Gran Canaria","item":"https:\/\/www.canariasconfidencial.com\/gran-canaria\/#breadcrumbitem"},{"@type":"ListItem","position":2,"name":"20 Claves Educativas para el 2020: La inmersi\u00f3n en la sociedad del siglo XXI","item":"https:\/\/www.canariasconfidencial.com\/gran-canaria\/20-claves-educativas-para-el-2020-la-inmersion-en-la-sociedad-del-siglo-xxi\/#breadcrumbitem"}]}]