[{"@context":"https:\/\/schema.org\/","@type":"BlogPosting","@id":"https:\/\/www.canariasconfidencial.com\/gran-canaria\/abierta-la-inscripcion-en-el-taller-de-calado-canario-de-galdar\/#BlogPosting","mainEntityOfPage":"https:\/\/www.canariasconfidencial.com\/gran-canaria\/abierta-la-inscripcion-en-el-taller-de-calado-canario-de-galdar\/","headline":"Abierta la inscripci\u00f3n en el taller de calado canario de G\u00e1ldar","name":"Abierta la inscripci\u00f3n en el taller de calado canario de G\u00e1ldar","description":"El Ayuntamiento de G&aacute;ldar, a trav&eacute;s de la Fundaci&oacute;n Canaria Ciudad de G&aacute;ldar y de la Concejal&iacute;a de Cultura, gestionar&aacute; a partir de este curso el taller de calado canario ubicado en el edificio municipal de la calle Faic&aacute;n Aitami, 19. Para ello, la Concejal&iacute;a de Cultura abre este mi&eacute;rcoles 13 de septiembre el plazo [&hellip;]","datePublished":"2017-09-14","dateModified":"2017-09-14","author":{"@type":"Person","@id":"https:\/\/www.canariasconfidencial.com\/author\/admin\/#Person","name":"Canarias Confidencial","url":"https:\/\/www.canariasconfidencial.com\/author\/admin\/","image":{"@type":"ImageObject","@id":"https:\/\/secure.gravatar.com\/avatar\/44ad1b7f51be99230dbaef835819598e?s=96&d=mm&r=g","url":"https:\/\/secure.gravatar.com\/avatar\/44ad1b7f51be99230dbaef835819598e?s=96&d=mm&r=g","height":96,"width":96}},"publisher":{"@type":"Organization","name":"Canarias Confidencial","logo":{"@type":"ImageObject","@id":"https:\/\/www.canariasconfidencial.com\/wp-content\/uploads\/2018\/07\/Canarias-Confidencial-1.png","url":"https:\/\/www.canariasconfidencial.com\/wp-content\/uploads\/2018\/07\/Canarias-Confidencial-1.png","width":600,"height":100}},"image":{"@type":"ImageObject","@id":"http:\/\/www.galdar.es\/wp-content\/uploads\/2017\/09\/IMG_1173-Copiar.jpg","url":"http:\/\/www.galdar.es\/wp-content\/uploads\/2017\/09\/IMG_1173-Copiar.jpg","height":"","width":""},"url":"https:\/\/www.canariasconfidencial.com\/gran-canaria\/abierta-la-inscripcion-en-el-taller-de-calado-canario-de-galdar\/","about":["Gran Canaria"],"wordCount":200},{"@context":"https:\/\/schema.org\/","@type":"BreadcrumbList","itemListElement":[{"@type":"ListItem","position":1,"name":"Gran Canaria","item":"https:\/\/www.canariasconfidencial.com\/gran-canaria\/#breadcrumbitem"},{"@type":"ListItem","position":2,"name":"Abierta la inscripci\u00f3n en el taller de calado canario de G\u00e1ldar","item":"https:\/\/www.canariasconfidencial.com\/gran-canaria\/abierta-la-inscripcion-en-el-taller-de-calado-canario-de-galdar\/#breadcrumbitem"}]}]