[{"@context":"https:\/\/schema.org\/","@type":"BlogPosting","@id":"https:\/\/www.canariasconfidencial.com\/gran-canaria\/abierto-el-periodo-de-preinscripcion-para-el-curso-escolar-20172018-en-el-ies-santa-maria-de-guia\/#BlogPosting","mainEntityOfPage":"https:\/\/www.canariasconfidencial.com\/gran-canaria\/abierto-el-periodo-de-preinscripcion-para-el-curso-escolar-20172018-en-el-ies-santa-maria-de-guia\/","headline":"Abierto el periodo de preinscripci\u00f3n para el curso escolar 2017\/2018 en el IES Santa Mar\u00eda de Gu\u00eda","name":"Abierto el periodo de preinscripci\u00f3n para el curso escolar 2017\/2018 en el IES Santa Mar\u00eda de Gu\u00eda","description":"Related posts:Teodoro Sosa recibe este martes en G\u00e1ldar al Presidente del Gobierno de CanariasM\u00daSICA LATINA PARA BAILAR: LIGIA ELENAUna veintena de asociaciones empresariales obtienen subvenci\u00f3n del Cabildo para dinamizar las zonas ...","datePublished":"2017-04-06","dateModified":"2017-04-06","author":{"@type":"Person","@id":"https:\/\/www.canariasconfidencial.com\/author\/admin\/#Person","name":"Canarias Confidencial","url":"https:\/\/www.canariasconfidencial.com\/author\/admin\/","image":{"@type":"ImageObject","@id":"https:\/\/secure.gravatar.com\/avatar\/44ad1b7f51be99230dbaef835819598e?s=96&d=mm&r=g","url":"https:\/\/secure.gravatar.com\/avatar\/44ad1b7f51be99230dbaef835819598e?s=96&d=mm&r=g","height":96,"width":96}},"publisher":{"@type":"Organization","name":"Canarias Confidencial","logo":{"@type":"ImageObject","@id":"https:\/\/www.canariasconfidencial.com\/wp-content\/uploads\/2018\/07\/Canarias-Confidencial-1.png","url":"https:\/\/www.canariasconfidencial.com\/wp-content\/uploads\/2018\/07\/Canarias-Confidencial-1.png","width":600,"height":100}},"image":{"@type":"ImageObject","@id":"http:\/\/www.infonortedigital.com\/portada\/images\/noticias\/Guia2015\/Guia_2017\/inscripcionies.jpg","url":"http:\/\/www.infonortedigital.com\/portada\/images\/noticias\/Guia2015\/Guia_2017\/inscripcionies.jpg","height":"","width":""},"url":"https:\/\/www.canariasconfidencial.com\/gran-canaria\/abierto-el-periodo-de-preinscripcion-para-el-curso-escolar-20172018-en-el-ies-santa-maria-de-guia\/","about":["Gran Canaria"],"wordCount":35},{"@context":"https:\/\/schema.org\/","@type":"BreadcrumbList","itemListElement":[{"@type":"ListItem","position":1,"name":"Gran Canaria","item":"https:\/\/www.canariasconfidencial.com\/gran-canaria\/#breadcrumbitem"},{"@type":"ListItem","position":2,"name":"Abierto el periodo de preinscripci\u00f3n para el curso escolar 2017\/2018 en el IES Santa Mar\u00eda de Gu\u00eda","item":"https:\/\/www.canariasconfidencial.com\/gran-canaria\/abierto-el-periodo-de-preinscripcion-para-el-curso-escolar-20172018-en-el-ies-santa-maria-de-guia\/#breadcrumbitem"}]}]