[{"@context":"https:\/\/schema.org\/","@type":"BlogPosting","@id":"https:\/\/www.canariasconfidencial.com\/gran-canaria\/agotadas-las-plazas-para-la-caminata-medioambiental-en-guia\/#BlogPosting","mainEntityOfPage":"https:\/\/www.canariasconfidencial.com\/gran-canaria\/agotadas-las-plazas-para-la-caminata-medioambiental-en-guia\/","headline":"Agotadas las plazas para la caminata medioambiental en Gu\u00eda","name":"Agotadas las plazas para la caminata medioambiental en Gu\u00eda","description":"Related posts:Entrevista a Etual Ojeda,\u201cPionero del arenismo en el mundo\u201dDescubre El Gara\u00f1\u00f3n en Gran CanariaVII jornadas profesionales del IES Santa Mar\u00eda de Gu\u00eda","datePublished":"2017-03-15","dateModified":"2017-03-15","author":{"@type":"Person","@id":"https:\/\/www.canariasconfidencial.com\/author\/admin\/#Person","name":"Canarias Confidencial","url":"https:\/\/www.canariasconfidencial.com\/author\/admin\/","image":{"@type":"ImageObject","@id":"https:\/\/secure.gravatar.com\/avatar\/44ad1b7f51be99230dbaef835819598e?s=96&d=mm&r=g","url":"https:\/\/secure.gravatar.com\/avatar\/44ad1b7f51be99230dbaef835819598e?s=96&d=mm&r=g","height":96,"width":96}},"publisher":{"@type":"Organization","name":"Canarias Confidencial","logo":{"@type":"ImageObject","@id":"https:\/\/www.canariasconfidencial.com\/wp-content\/uploads\/2018\/07\/Canarias-Confidencial-1.png","url":"https:\/\/www.canariasconfidencial.com\/wp-content\/uploads\/2018\/07\/Canarias-Confidencial-1.png","width":600,"height":100}},"image":{"@type":"ImageObject","@id":"http:\/\/www.infonortedigital.com\/portada\/images\/noticias\/Guia2015\/Guia_2017\/Cartel__caminata8.jpg","url":"http:\/\/www.infonortedigital.com\/portada\/images\/noticias\/Guia2015\/Guia_2017\/Cartel__caminata8.jpg","height":"","width":""},"url":"https:\/\/www.canariasconfidencial.com\/gran-canaria\/agotadas-las-plazas-para-la-caminata-medioambiental-en-guia\/","about":["Gran Canaria"],"wordCount":29},{"@context":"https:\/\/schema.org\/","@type":"BreadcrumbList","itemListElement":[{"@type":"ListItem","position":1,"name":"Gran Canaria","item":"https:\/\/www.canariasconfidencial.com\/gran-canaria\/#breadcrumbitem"},{"@type":"ListItem","position":2,"name":"Agotadas las plazas para la caminata medioambiental en Gu\u00eda","item":"https:\/\/www.canariasconfidencial.com\/gran-canaria\/agotadas-las-plazas-para-la-caminata-medioambiental-en-guia\/#breadcrumbitem"}]}]