[{"@context":"https:\/\/schema.org\/","@type":"BlogPosting","@id":"https:\/\/www.canariasconfidencial.com\/gran-canaria\/aguimes-y-santa-lucia-celebran-el-dia-de-canarias-con-enyesques-de-costa-y-montana-a-precios-populares-con-apoyo-del-cabildo\/#BlogPosting","mainEntityOfPage":"https:\/\/www.canariasconfidencial.com\/gran-canaria\/aguimes-y-santa-lucia-celebran-el-dia-de-canarias-con-enyesques-de-costa-y-montana-a-precios-populares-con-apoyo-del-cabildo\/","headline":"Ag\u00fcimes y Santa Luc\u00eda celebran el D\u00eda de Canarias con enyesques de costa y monta\u00f1a a precios populares con apoyo del Cabildo","name":"Ag\u00fcimes y Santa Luc\u00eda celebran el D\u00eda de Canarias con enyesques de costa y monta\u00f1a a precios populares con apoyo del Cabildo","description":"Esta iniciativa que dinamiza las zonas comerciales abiertas cuenta con el apoyo del Cabildo de Gran Canaria, declar&oacute; la consejera insular In&eacute;s Miranda, quien se refiri&oacute; a los incentivos que concede la Consejer&iacute;a de Industria a las acciones mancomunadas vinculadas al sector de la restauraci&oacute;n como principal novedad de la l&iacute;nea de subvenci&oacute;n de 510.000 [&hellip;]","datePublished":"2016-05-20","dateModified":"2016-05-20","author":{"@type":"Person","@id":"https:\/\/www.canariasconfidencial.com\/author\/admin\/#Person","name":"Canarias Confidencial","url":"https:\/\/www.canariasconfidencial.com\/author\/admin\/","image":{"@type":"ImageObject","@id":"https:\/\/secure.gravatar.com\/avatar\/44ad1b7f51be99230dbaef835819598e?s=96&d=mm&r=g","url":"https:\/\/secure.gravatar.com\/avatar\/44ad1b7f51be99230dbaef835819598e?s=96&d=mm&r=g","height":96,"width":96}},"publisher":{"@type":"Organization","name":"Canarias Confidencial","logo":{"@type":"ImageObject","@id":"https:\/\/www.canariasconfidencial.com\/wp-content\/uploads\/2018\/07\/Canarias-Confidencial-1.png","url":"https:\/\/www.canariasconfidencial.com\/wp-content\/uploads\/2018\/07\/Canarias-Confidencial-1.png","width":600,"height":100}},"image":{"@type":"ImageObject","@id":"http:\/\/www.ucarecdn.com\/10d8a20e-16ee-4e3a-a7ed-f737c11d9163\/-\/preview\/","url":"http:\/\/www.ucarecdn.com\/10d8a20e-16ee-4e3a-a7ed-f737c11d9163\/-\/preview\/","height":"","width":""},"url":"https:\/\/www.canariasconfidencial.com\/gran-canaria\/aguimes-y-santa-lucia-celebran-el-dia-de-canarias-con-enyesques-de-costa-y-montana-a-precios-populares-con-apoyo-del-cabildo\/","video":{"@type":"VideoObject","@id":"https:\/\/i.vimeocdn.com\/video\/566639868-198238abd40d754791223c0c33612a89631d17bcd2a251515b3f78b62e378770-d_640?region=us","name":"Semana Gastron\u00f3mica D\u00eda De Canarias","description":"","thumbnailUrl":"https:\/\/i.vimeocdn.com\/video\/566639868-198238abd40d754791223c0c33612a89631d17bcd2a251515b3f78b62e378770-d_640?region=us","uploadDate":"2016-04-18T21:29:58+00:00","duration":"P0DT0H1M4S"},"about":["Gran Canaria"],"wordCount":539},{"@context":"https:\/\/schema.org\/","@type":"BreadcrumbList","itemListElement":[{"@type":"ListItem","position":1,"name":"Gran Canaria","item":"https:\/\/www.canariasconfidencial.com\/gran-canaria\/#breadcrumbitem"},{"@type":"ListItem","position":2,"name":"Ag\u00fcimes y Santa Luc\u00eda celebran el D\u00eda de Canarias con enyesques de costa y monta\u00f1a a precios populares con apoyo del Cabildo","item":"https:\/\/www.canariasconfidencial.com\/gran-canaria\/aguimes-y-santa-lucia-celebran-el-dia-de-canarias-con-enyesques-de-costa-y-montana-a-precios-populares-con-apoyo-del-cabildo\/#breadcrumbitem"}]}]