[{"@context":"https:\/\/schema.org\/","@type":"BlogPosting","@id":"https:\/\/www.canariasconfidencial.com\/gran-canaria\/agustin-martin-ojeda_-concejal-del-excmo-ayuntamiento-de-galdar\/#BlogPosting","mainEntityOfPage":"https:\/\/www.canariasconfidencial.com\/gran-canaria\/agustin-martin-ojeda_-concejal-del-excmo-ayuntamiento-de-galdar\/","headline":"Agust\u00edn  Mart\u00edn Ojeda, concejal del Excmo. Ayuntamiento de G\u00e1ldar","name":"Agust\u00edn  Mart\u00edn Ojeda, concejal del Excmo. Ayuntamiento de G\u00e1ldar","description":"&nbsp; &nbsp; &nbsp; Una de las mejores Cebollas del mundo se produce&nbsp;en G&aacute;ldar &nbsp;y ahora toca ser los mejores en otras muchas cosas. Tenemos&nbsp;una identidad y una historia que debemos&nbsp;recordar para&nbsp;proyectarnos juntos hacia un futuro mucho mejor y m&aacute;s justo.&nbsp; &nbsp; Agust&iacute;n Mart&iacute;n Ojeda, concejal de Presidencia, Empleo y Relaciones Institucionales y Desarrollo Socioecon&oacute;mico (Agricultura, [&hellip;]","datePublished":"2015-10-01","dateModified":"2015-10-01","author":{"@type":"Person","@id":"https:\/\/www.canariasconfidencial.com\/author\/admin\/#Person","name":"Canarias Confidencial","url":"https:\/\/www.canariasconfidencial.com\/author\/admin\/","image":{"@type":"ImageObject","@id":"https:\/\/secure.gravatar.com\/avatar\/44ad1b7f51be99230dbaef835819598e?s=96&d=mm&r=g","url":"https:\/\/secure.gravatar.com\/avatar\/44ad1b7f51be99230dbaef835819598e?s=96&d=mm&r=g","height":96,"width":96}},"publisher":{"@type":"Organization","name":"Canarias Confidencial","logo":{"@type":"ImageObject","@id":"https:\/\/www.canariasconfidencial.com\/wp-content\/uploads\/2018\/07\/Canarias-Confidencial-1.png","url":"https:\/\/www.canariasconfidencial.com\/wp-content\/uploads\/2018\/07\/Canarias-Confidencial-1.png","width":600,"height":100}},"image":{"@type":"ImageObject","@id":"http:\/\/www.ucarecdn.com\/33c4dd25-a79e-45ea-a743-f03ec44da9d8\/-\/preview\/","url":"http:\/\/www.ucarecdn.com\/33c4dd25-a79e-45ea-a743-f03ec44da9d8\/-\/preview\/","height":"","width":""},"url":"https:\/\/www.canariasconfidencial.com\/gran-canaria\/agustin-martin-ojeda_-concejal-del-excmo-ayuntamiento-de-galdar\/","about":["Gran Canaria"],"wordCount":208},{"@context":"https:\/\/schema.org\/","@type":"BreadcrumbList","itemListElement":[{"@type":"ListItem","position":1,"name":"Gran Canaria","item":"https:\/\/www.canariasconfidencial.com\/gran-canaria\/#breadcrumbitem"},{"@type":"ListItem","position":2,"name":"Agust\u00edn  Mart\u00edn Ojeda, concejal del Excmo. Ayuntamiento de G\u00e1ldar","item":"https:\/\/www.canariasconfidencial.com\/gran-canaria\/agustin-martin-ojeda_-concejal-del-excmo-ayuntamiento-de-galdar\/#breadcrumbitem"}]}]