[{"@context":"https:\/\/schema.org\/","@type":"BlogPosting","@id":"https:\/\/www.canariasconfidencial.com\/gran-canaria\/ajedrez-14-jovenes-del-univacit-guia-en-la-final-de-los-juegos-de-gran-canaria-2\/#BlogPosting","mainEntityOfPage":"https:\/\/www.canariasconfidencial.com\/gran-canaria\/ajedrez-14-jovenes-del-univacit-guia-en-la-final-de-los-juegos-de-gran-canaria-2\/","headline":"Ajedrez: 14 j\u00f3venes del Univacit Gu\u00eda en la final de los Juegos de Gran Canaria","name":"Ajedrez: 14 j\u00f3venes del Univacit Gu\u00eda en la final de los Juegos de Gran Canaria","description":"Related posts:\u00c1ngel: \u201cLo del Rayo fue un palo duro, tenemos que levantar cabeza\u201dRadio Municipal de Teror reanuda su programaci\u00f3n con Israel Acevedo al frente\u201cSeti\u00e9n, \u00bfd\u00f3nde has estado toda esta vida?\u201d, se pregunta The Guardian","datePublished":"2017-03-31","dateModified":"2017-03-31","author":{"@type":"Person","@id":"https:\/\/www.canariasconfidencial.com\/author\/admin\/#Person","name":"Canarias Confidencial","url":"https:\/\/www.canariasconfidencial.com\/author\/admin\/","image":{"@type":"ImageObject","@id":"https:\/\/secure.gravatar.com\/avatar\/44ad1b7f51be99230dbaef835819598e?s=96&d=mm&r=g","url":"https:\/\/secure.gravatar.com\/avatar\/44ad1b7f51be99230dbaef835819598e?s=96&d=mm&r=g","height":96,"width":96}},"publisher":{"@type":"Organization","name":"Canarias Confidencial","logo":{"@type":"ImageObject","@id":"https:\/\/www.canariasconfidencial.com\/wp-content\/uploads\/2018\/07\/Canarias-Confidencial-1.png","url":"https:\/\/www.canariasconfidencial.com\/wp-content\/uploads\/2018\/07\/Canarias-Confidencial-1.png","width":600,"height":100}},"image":{"@type":"ImageObject","@id":"http:\/\/www.infonortedigital.com\/portada\/images\/noticias\/Ajedrez2015\/Temporada_1617\/ajedrezunivacitIMG_6986.jpg","url":"http:\/\/www.infonortedigital.com\/portada\/images\/noticias\/Ajedrez2015\/Temporada_1617\/ajedrezunivacitIMG_6986.jpg","height":"","width":""},"url":"https:\/\/www.canariasconfidencial.com\/gran-canaria\/ajedrez-14-jovenes-del-univacit-guia-en-la-final-de-los-juegos-de-gran-canaria-2\/","about":["Gran Canaria"],"wordCount":40},{"@context":"https:\/\/schema.org\/","@type":"BreadcrumbList","itemListElement":[{"@type":"ListItem","position":1,"name":"Gran Canaria","item":"https:\/\/www.canariasconfidencial.com\/gran-canaria\/#breadcrumbitem"},{"@type":"ListItem","position":2,"name":"Ajedrez: 14 j\u00f3venes del Univacit Gu\u00eda en la final de los Juegos de Gran Canaria","item":"https:\/\/www.canariasconfidencial.com\/gran-canaria\/ajedrez-14-jovenes-del-univacit-guia-en-la-final-de-los-juegos-de-gran-canaria-2\/#breadcrumbitem"}]}]