[{"@context":"https:\/\/schema.org\/","@type":"BlogPosting","@id":"https:\/\/www.canariasconfidencial.com\/gran-canaria\/alumnas-del-ies-santa-maria-de-guia-viajan-a-milan-para-realizar-practicas-de-empresa\/#BlogPosting","mainEntityOfPage":"https:\/\/www.canariasconfidencial.com\/gran-canaria\/alumnas-del-ies-santa-maria-de-guia-viajan-a-milan-para-realizar-practicas-de-empresa\/","headline":"Alumnas del IES Santa Mar\u00eda de Gu\u00eda viajan a Mil\u00e1n para realizar pr\u00e1cticas de empresa","name":"Alumnas del IES Santa Mar\u00eda de Gu\u00eda viajan a Mil\u00e1n para realizar pr\u00e1cticas de empresa","description":"&nbsp; &nbsp; &nbsp; &nbsp; &nbsp; &nbsp; &nbsp; &nbsp; &nbsp; &nbsp; En esta ocasi&oacute;n, y como primer flujo de movilidad ERASMUS + KA 102 DE FORMACI&Oacute;N PROFESIONAL, las alumnas YLENIA MORENO SU&Aacute;REZ y JULY OROZCO HERRERA, del Ciclo Formativo &ldquo;CUIDADOS AUXILIARES DE ENFERMER&Iacute;A&rdquo; inician su mes de movilidad en Mil&aacute;n, regi&oacute;n de Lombard&iacute;a, Italia, donde realizar&aacute;n [&hellip;]","datePublished":"2016-11-22","dateModified":"2016-11-22","author":{"@type":"Person","@id":"https:\/\/www.canariasconfidencial.com\/author\/admin\/#Person","name":"Canarias Confidencial","url":"https:\/\/www.canariasconfidencial.com\/author\/admin\/","image":{"@type":"ImageObject","@id":"https:\/\/secure.gravatar.com\/avatar\/44ad1b7f51be99230dbaef835819598e?s=96&d=mm&r=g","url":"https:\/\/secure.gravatar.com\/avatar\/44ad1b7f51be99230dbaef835819598e?s=96&d=mm&r=g","height":96,"width":96}},"publisher":{"@type":"Organization","name":"Canarias Confidencial","logo":{"@type":"ImageObject","@id":"https:\/\/www.canariasconfidencial.com\/wp-content\/uploads\/2018\/07\/Canarias-Confidencial-1.png","url":"https:\/\/www.canariasconfidencial.com\/wp-content\/uploads\/2018\/07\/Canarias-Confidencial-1.png","width":600,"height":100}},"image":{"@type":"ImageObject","@id":"http:\/\/www.infonortedigital.com\/portada\/images\/noticias\/Guia2015\/alumnasmilan.jpg","url":"http:\/\/www.infonortedigital.com\/portada\/images\/noticias\/Guia2015\/alumnasmilan.jpg","height":"","width":""},"url":"https:\/\/www.canariasconfidencial.com\/gran-canaria\/alumnas-del-ies-santa-maria-de-guia-viajan-a-milan-para-realizar-practicas-de-empresa\/","about":["Gran Canaria"],"wordCount":372},{"@context":"https:\/\/schema.org\/","@type":"BreadcrumbList","itemListElement":[{"@type":"ListItem","position":1,"name":"Gran Canaria","item":"https:\/\/www.canariasconfidencial.com\/gran-canaria\/#breadcrumbitem"},{"@type":"ListItem","position":2,"name":"Alumnas del IES Santa Mar\u00eda de Gu\u00eda viajan a Mil\u00e1n para realizar pr\u00e1cticas de empresa","item":"https:\/\/www.canariasconfidencial.com\/gran-canaria\/alumnas-del-ies-santa-maria-de-guia-viajan-a-milan-para-realizar-practicas-de-empresa\/#breadcrumbitem"}]}]