[{"@context":"https:\/\/schema.org\/","@type":"BlogPosting","@id":"https:\/\/www.canariasconfidencial.com\/gran-canaria\/antonio-morales-visita-una-finca-y-empaquetado-de-platano-en-guia\/#BlogPosting","mainEntityOfPage":"https:\/\/www.canariasconfidencial.com\/gran-canaria\/antonio-morales-visita-una-finca-y-empaquetado-de-platano-en-guia\/","headline":"Antonio Morales visita una finca y empaquetado de Pl\u00e1tano en Gu\u00eda","name":"Antonio Morales visita una finca y empaquetado de Pl\u00e1tano en Gu\u00eda","description":"&nbsp; Una representaci&oacute;n del Comit&eacute; Ejecutivo de la Asociaci&oacute;n de Organizaciones de Productores de Pl&aacute;tanos de Canarias (ASPROCAN), encabezada por su presidente, Santiago Rodr&iacute;guez, ha mantenido esta ma&ntilde;ana un encuentro con el presidente del Cabildo de Gran Canaria, Antonio Morales. El acto se llev&oacute; a cabo en el marco de una visita organizada por los [&hellip;]","datePublished":"2016-01-26","dateModified":"2016-01-26","author":{"@type":"Person","@id":"https:\/\/www.canariasconfidencial.com\/author\/admin\/#Person","name":"Canarias Confidencial","url":"https:\/\/www.canariasconfidencial.com\/author\/admin\/","image":{"@type":"ImageObject","@id":"https:\/\/secure.gravatar.com\/avatar\/44ad1b7f51be99230dbaef835819598e?s=96&d=mm&r=g","url":"https:\/\/secure.gravatar.com\/avatar\/44ad1b7f51be99230dbaef835819598e?s=96&d=mm&r=g","height":96,"width":96}},"publisher":{"@type":"Organization","name":"Canarias Confidencial","logo":{"@type":"ImageObject","@id":"https:\/\/www.canariasconfidencial.com\/wp-content\/uploads\/2018\/07\/Canarias-Confidencial-1.png","url":"https:\/\/www.canariasconfidencial.com\/wp-content\/uploads\/2018\/07\/Canarias-Confidencial-1.png","width":600,"height":100}},"image":{"@type":"ImageObject","@id":"http:\/\/www.infonortedigital.com\/portada\/images\/noticias\/Guia2015\/Guia_2016\/moarlesplatano.jpg","url":"http:\/\/www.infonortedigital.com\/portada\/images\/noticias\/Guia2015\/Guia_2016\/moarlesplatano.jpg","height":"","width":""},"url":"https:\/\/www.canariasconfidencial.com\/gran-canaria\/antonio-morales-visita-una-finca-y-empaquetado-de-platano-en-guia\/","about":["Gran Canaria"],"wordCount":733},{"@context":"https:\/\/schema.org\/","@type":"BreadcrumbList","itemListElement":[{"@type":"ListItem","position":1,"name":"Gran Canaria","item":"https:\/\/www.canariasconfidencial.com\/gran-canaria\/#breadcrumbitem"},{"@type":"ListItem","position":2,"name":"Antonio Morales visita una finca y empaquetado de Pl\u00e1tano en Gu\u00eda","item":"https:\/\/www.canariasconfidencial.com\/gran-canaria\/antonio-morales-visita-una-finca-y-empaquetado-de-platano-en-guia\/#breadcrumbitem"}]}]