[{"@context":"https:\/\/schema.org\/","@type":"BlogPosting","@id":"https:\/\/www.canariasconfidencial.com\/gran-canaria\/aridane-betancor-inauguro-su-gran-belen\/#BlogPosting","mainEntityOfPage":"https:\/\/www.canariasconfidencial.com\/gran-canaria\/aridane-betancor-inauguro-su-gran-belen\/","headline":"Aridane Betancor inaugur\u00f3 su &#171;Gran Bel\u00e9n&#187;","name":"Aridane Betancor inaugur\u00f3 su &#171;Gran Bel\u00e9n&#187;","description":"Related posts:Teror apoya a \u2018Peque\u00f1o Valiente\u2019 para que todos los ni\u00f1os\/as de las islas tengan los mismos derechosEl alcalde de Gu\u00eda llevar\u00e1 a pleno una propuesta de apoyo a la plataforma salvar el centro SalesianoLA DISTINCIO\u0301N DE LA DISTINCIO\u0301N \u2013 UN CIELO ESTRELLADO","datePublished":"2016-12-07","dateModified":"2016-12-07","author":{"@type":"Person","@id":"https:\/\/www.canariasconfidencial.com\/author\/admin\/#Person","name":"Canarias Confidencial","url":"https:\/\/www.canariasconfidencial.com\/author\/admin\/","image":{"@type":"ImageObject","@id":"https:\/\/secure.gravatar.com\/avatar\/44ad1b7f51be99230dbaef835819598e?s=96&d=mm&r=g","url":"https:\/\/secure.gravatar.com\/avatar\/44ad1b7f51be99230dbaef835819598e?s=96&d=mm&r=g","height":96,"width":96}},"publisher":{"@type":"Organization","name":"Canarias Confidencial","logo":{"@type":"ImageObject","@id":"https:\/\/www.canariasconfidencial.com\/wp-content\/uploads\/2018\/07\/Canarias-Confidencial-1.png","url":"https:\/\/www.canariasconfidencial.com\/wp-content\/uploads\/2018\/07\/Canarias-Confidencial-1.png","width":600,"height":100}},"image":{"@type":"ImageObject","@id":"http:\/\/www.infonortedigital.com\/portada\/images\/noticias\/Moya_2015\/Moya_2016\/belenaridane2016.jpg","url":"http:\/\/www.infonortedigital.com\/portada\/images\/noticias\/Moya_2015\/Moya_2016\/belenaridane2016.jpg","height":"","width":""},"url":"https:\/\/www.canariasconfidencial.com\/gran-canaria\/aridane-betancor-inauguro-su-gran-belen\/","about":["Gran Canaria"],"wordCount":49},{"@context":"https:\/\/schema.org\/","@type":"BreadcrumbList","itemListElement":[{"@type":"ListItem","position":1,"name":"Gran Canaria","item":"https:\/\/www.canariasconfidencial.com\/gran-canaria\/#breadcrumbitem"},{"@type":"ListItem","position":2,"name":"Aridane Betancor inaugur\u00f3 su &#171;Gran Bel\u00e9n&#187;","item":"https:\/\/www.canariasconfidencial.com\/gran-canaria\/aridane-betancor-inauguro-su-gran-belen\/#breadcrumbitem"}]}]