[{"@context":"https:\/\/schema.org\/","@type":"BlogPosting","@id":"https:\/\/www.canariasconfidencial.com\/gran-canaria\/articulo-de-juan-jose-benitez-de-lugo\/#BlogPosting","mainEntityOfPage":"https:\/\/www.canariasconfidencial.com\/gran-canaria\/articulo-de-juan-jose-benitez-de-lugo\/","headline":"Art\u00edculo de Juan Jos\u00e9 Ben\u00edtez de Lugo.","name":"Art\u00edculo de Juan Jos\u00e9 Ben\u00edtez de Lugo.","description":"&nbsp; &#39;&#39;Bienvenido al club&quot; comenta el art&iacute;culo de Juan Jos&eacute; Ben&iacute;tez de Lugo, publicado, el s&aacute;bado, 17 de octubre, en el peri&oacute;dico la provincia. En este art&iacute;culo, el presidente del gabinete literario, cr&iacute;tica las controvertidas declaraciones de Willy Toledo sobre el D&iacute;a de la Hispanidad. &nbsp; Related posts:Gran Canaria acude a la ITB de Berl\u00edn [&hellip;]","datePublished":"2015-10-20","dateModified":"2015-10-20","author":{"@type":"Person","@id":"https:\/\/www.canariasconfidencial.com\/author\/admin\/#Person","name":"Canarias Confidencial","url":"https:\/\/www.canariasconfidencial.com\/author\/admin\/","image":{"@type":"ImageObject","@id":"https:\/\/secure.gravatar.com\/avatar\/44ad1b7f51be99230dbaef835819598e?s=96&d=mm&r=g","url":"https:\/\/secure.gravatar.com\/avatar\/44ad1b7f51be99230dbaef835819598e?s=96&d=mm&r=g","height":96,"width":96}},"publisher":{"@type":"Organization","name":"Canarias Confidencial","logo":{"@type":"ImageObject","@id":"https:\/\/www.canariasconfidencial.com\/wp-content\/uploads\/2018\/07\/Canarias-Confidencial-1.png","url":"https:\/\/www.canariasconfidencial.com\/wp-content\/uploads\/2018\/07\/Canarias-Confidencial-1.png","width":600,"height":100}},"image":{"@type":"ImageObject","@id":"http:\/\/www.ucarecdn.com\/fbaa4a0e-b394-455d-8b38-2c21f179dd76\/-\/preview\/","url":"http:\/\/www.ucarecdn.com\/fbaa4a0e-b394-455d-8b38-2c21f179dd76\/-\/preview\/","height":"","width":""},"url":"https:\/\/www.canariasconfidencial.com\/gran-canaria\/articulo-de-juan-jose-benitez-de-lugo\/","about":["Gran Canaria"],"wordCount":104},{"@context":"https:\/\/schema.org\/","@type":"BreadcrumbList","itemListElement":[{"@type":"ListItem","position":1,"name":"Gran Canaria","item":"https:\/\/www.canariasconfidencial.com\/gran-canaria\/#breadcrumbitem"},{"@type":"ListItem","position":2,"name":"Art\u00edculo de Juan Jos\u00e9 Ben\u00edtez de Lugo.","item":"https:\/\/www.canariasconfidencial.com\/gran-canaria\/articulo-de-juan-jose-benitez-de-lugo\/#breadcrumbitem"}]}]