[{"@context":"https:\/\/schema.org\/","@type":"BlogPosting","@id":"https:\/\/www.canariasconfidencial.com\/gran-canaria\/bandos-de-ayudas-individuales-a-personas-con-discapacidad_-tercera-edad-y-pago-de-alquiler\/#BlogPosting","mainEntityOfPage":"https:\/\/www.canariasconfidencial.com\/gran-canaria\/bandos-de-ayudas-individuales-a-personas-con-discapacidad_-tercera-edad-y-pago-de-alquiler\/","headline":"Bandos de Ayudas individuales a personas con discapacidad, tercera edad y pago de Alquiler","name":"Bandos de Ayudas individuales a personas con discapacidad, tercera edad y pago de Alquiler","description":"&nbsp; &nbsp; Related posts:El Cabildo invierte 25.000 euros para que 1.000 alumnos de la ESO hagan pr\u00e1cticas en los laboratorio...El Cabildo invirti\u00f3 525.000 euros en las desaladoras de Gu\u00eda durante 2016Quique Seti\u00e9n: \u201cPrefer\u00eda enfrentarme al Barcelona en la final\u201d","datePublished":"2016-02-23","dateModified":"2016-02-23","author":{"@type":"Person","@id":"https:\/\/www.canariasconfidencial.com\/author\/admin\/#Person","name":"Canarias Confidencial","url":"https:\/\/www.canariasconfidencial.com\/author\/admin\/","image":{"@type":"ImageObject","@id":"https:\/\/secure.gravatar.com\/avatar\/44ad1b7f51be99230dbaef835819598e?s=96&d=mm&r=g","url":"https:\/\/secure.gravatar.com\/avatar\/44ad1b7f51be99230dbaef835819598e?s=96&d=mm&r=g","height":96,"width":96}},"publisher":{"@type":"Organization","name":"Canarias Confidencial","logo":{"@type":"ImageObject","@id":"https:\/\/www.canariasconfidencial.com\/wp-content\/uploads\/2018\/07\/Canarias-Confidencial-1.png","url":"https:\/\/www.canariasconfidencial.com\/wp-content\/uploads\/2018\/07\/Canarias-Confidencial-1.png","width":600,"height":100}},"image":{"@type":"ImageObject","@id":"http:\/\/www.ucarecdn.com\/d7f66d6b-e816-44a4-8851-5fe9ce1a8dac\/-\/preview\/","url":"http:\/\/www.ucarecdn.com\/d7f66d6b-e816-44a4-8851-5fe9ce1a8dac\/-\/preview\/","height":"","width":""},"url":"https:\/\/www.canariasconfidencial.com\/gran-canaria\/bandos-de-ayudas-individuales-a-personas-con-discapacidad_-tercera-edad-y-pago-de-alquiler\/","about":["Gran Canaria"],"wordCount":42},{"@context":"https:\/\/schema.org\/","@type":"BreadcrumbList","itemListElement":[{"@type":"ListItem","position":1,"name":"Gran Canaria","item":"https:\/\/www.canariasconfidencial.com\/gran-canaria\/#breadcrumbitem"},{"@type":"ListItem","position":2,"name":"Bandos de Ayudas individuales a personas con discapacidad, tercera edad y pago de Alquiler","item":"https:\/\/www.canariasconfidencial.com\/gran-canaria\/bandos-de-ayudas-individuales-a-personas-con-discapacidad_-tercera-edad-y-pago-de-alquiler\/#breadcrumbitem"}]}]