[{"@context":"https:\/\/schema.org\/","@type":"BlogPosting","@id":"https:\/\/www.canariasconfidencial.com\/gran-canaria\/cambio-en-el-banquillo-canario-paco-herrera_-destituido\/#BlogPosting","mainEntityOfPage":"https:\/\/www.canariasconfidencial.com\/gran-canaria\/cambio-en-el-banquillo-canario-paco-herrera_-destituido\/","headline":"CAMBIO EN EL BANQUILLO CANARIO: Paco Herrera, destituido.","name":"CAMBIO EN EL BANQUILLO CANARIO: Paco Herrera, destituido.","description":"&nbsp; &nbsp; &amp;lt;\/iframe&amp;lt;\/a&amp;gt;&amp;lt;\/p&amp;gt; &amp;lt;p&amp;gt;&amp;nbsp;&amp;lt;\/p&amp;gt; &amp;lt;p&amp;gt;El t&amp;eacute;cnico amarillo quiso despedirse en un acto sin preguntas y en el que explic&amp;oacute; todo lo acontecido desde la derrota en Getafe que desemboc&amp;oacute; en su despido, as&amp;iacute; como aprovechar para agradecer a todos los integrantes del club por haber estado a su lado durante su etapa amarilla.&amp;lt;\/p&amp;gt; El t&eacute;cnico [&hellip;]","datePublished":"2015-10-20","dateModified":"2015-10-20","author":{"@type":"Person","@id":"https:\/\/www.canariasconfidencial.com\/author\/admin\/#Person","name":"Canarias Confidencial","url":"https:\/\/www.canariasconfidencial.com\/author\/admin\/","image":{"@type":"ImageObject","@id":"https:\/\/secure.gravatar.com\/avatar\/44ad1b7f51be99230dbaef835819598e?s=96&d=mm&r=g","url":"https:\/\/secure.gravatar.com\/avatar\/44ad1b7f51be99230dbaef835819598e?s=96&d=mm&r=g","height":96,"width":96}},"publisher":{"@type":"Organization","name":"Canarias Confidencial","logo":{"@type":"ImageObject","@id":"https:\/\/www.canariasconfidencial.com\/wp-content\/uploads\/2018\/07\/Canarias-Confidencial-1.png","url":"https:\/\/www.canariasconfidencial.com\/wp-content\/uploads\/2018\/07\/Canarias-Confidencial-1.png","width":600,"height":100}},"image":{"@type":"ImageObject","@id":"http:\/\/www.ucarecdn.com\/8037ef49-c513-4100-aef6-940fb5348b05\/-\/preview\/","url":"http:\/\/www.ucarecdn.com\/8037ef49-c513-4100-aef6-940fb5348b05\/-\/preview\/","height":"","width":""},"url":"https:\/\/www.canariasconfidencial.com\/gran-canaria\/cambio-en-el-banquillo-canario-paco-herrera_-destituido\/","video":{"@context":"http:\/\/schema.org\/","@type":"VideoObject","@id":"https:\/\/www.youtube.com\/watch?v=VAmeQzqv-6A#VideoObject","contentUrl":"https:\/\/www.youtube.com\/watch?v=VAmeQzqv-6A","name":"Rueda de prensa de despedida de Paco Herrera","description":"Paco Herrera se despide como entrenador de la Uni\u00f3n Deportiva Las Palmas.","thumbnailUrl":["https:\/\/i.ytimg.com\/vi\/VAmeQzqv-6A\/default.jpg","https:\/\/i.ytimg.com\/vi\/VAmeQzqv-6A\/mqdefault.jpg","https:\/\/i.ytimg.com\/vi\/VAmeQzqv-6A\/hqdefault.jpg","https:\/\/i.ytimg.com\/vi\/VAmeQzqv-6A\/sddefault.jpg","https:\/\/i.ytimg.com\/vi\/VAmeQzqv-6A\/maxresdefault.jpg"],"uploadDate":"2015-10-20T12:14:24+00:00","duration":"PT10M47S","embedUrl":"https:\/\/www.youtube.com\/embed\/VAmeQzqv-6A","publisher":{"@type":"Organization","@id":"https:\/\/www.youtube.com\/channel\/UCJ26xMxv4VxSvO-K3kvAlYQ#Organization","url":"https:\/\/www.youtube.com\/channel\/UCJ26xMxv4VxSvO-K3kvAlYQ","name":"UDLASPALMAS.NET - La web de la afici\u00f3n","description":"UDLASPALMAS.NET es un medio independiente de informaci\u00f3n sobre la UD Las Palmas. En este canal subiremos v\u00eddeos relativos a nuestro medio, historias y creaciones propias. \u00a1Suscr\u00edbete!","logo":{"url":"https:\/\/yt3.ggpht.com\/K-yV5AGe7C1CridyAGkc9dEAiX4jdXRgZRBJka4fZYiRnk1VKm0reEUzf868nYG2XNlcb2XIeMk=s800-c-k-c0x00ffffff-no-rj","width":800,"height":800,"@type":"ImageObject","@id":"https:\/\/www.youtube.com\/watch?v=VAmeQzqv-6A#VideoObject_publisher_logo_ImageObject"}},"potentialAction":{"@type":"SeekToAction","@id":"https:\/\/www.youtube.com\/watch?v=VAmeQzqv-6A#VideoObject_potentialAction","target":"https:\/\/www.youtube.com\/watch?v=VAmeQzqv-6A&t={seek_to_second_number}","startOffset-input":"required name=seek_to_second_number"},"interactionStatistic":[[{"@type":"InteractionCounter","@id":"https:\/\/www.youtube.com\/watch?v=VAmeQzqv-6A#VideoObject_interactionStatistic_WatchAction","interactionType":{"@type":"WatchAction"},"userInteractionCount":2607}],{"@type":"InteractionCounter","@id":"https:\/\/www.youtube.com\/watch?v=VAmeQzqv-6A#VideoObject_interactionStatistic_LikeAction","interactionType":{"@type":"LikeAction"},"userInteractionCount":10}]},"about":["Gran Canaria"],"wordCount":659},{"@context":"https:\/\/schema.org\/","@type":"BreadcrumbList","itemListElement":[{"@type":"ListItem","position":1,"name":"Gran Canaria","item":"https:\/\/www.canariasconfidencial.com\/gran-canaria\/#breadcrumbitem"},{"@type":"ListItem","position":2,"name":"CAMBIO EN EL BANQUILLO CANARIO: Paco Herrera, destituido.","item":"https:\/\/www.canariasconfidencial.com\/gran-canaria\/cambio-en-el-banquillo-canario-paco-herrera_-destituido\/#breadcrumbitem"}]}]