[{"@context":"https:\/\/schema.org\/","@type":"BlogPosting","@id":"https:\/\/www.canariasconfidencial.com\/gran-canaria\/canarion-conoces-nuestras-tradiciones-la-noche-de-los-finaos\/#BlogPosting","mainEntityOfPage":"https:\/\/www.canariasconfidencial.com\/gran-canaria\/canarion-conoces-nuestras-tradiciones-la-noche-de-los-finaos\/","headline":"\u00bfCANARI\u00d3N CONOCES NUESTRAS TRADICIONES? LA NOCHE DE LOS FINAOS","name":"\u00bfCANARI\u00d3N CONOCES NUESTRAS TRADICIONES? LA NOCHE DE LOS FINAOS","description":"&nbsp; &nbsp; &nbsp; &nbsp; Testimonio del d&iacute;a de los Finaos. Fiesta de los Finaos o Finados (Tradici&oacute;n canaria) Se celebra en muchos lugares del archipi&eacute;lago desde el 31 de octubre al 2 de noviembre. Con la palabra &ldquo;finaos&rdquo; que significa &ldquo;difunto&rdquo; se hace referencia a una fiesta popular canaria que se celebraba en la noche [&hellip;]","datePublished":"2015-10-27","dateModified":"2015-10-27","author":{"@type":"Person","@id":"https:\/\/www.canariasconfidencial.com\/author\/admin\/#Person","name":"Canarias Confidencial","url":"https:\/\/www.canariasconfidencial.com\/author\/admin\/","image":{"@type":"ImageObject","@id":"https:\/\/secure.gravatar.com\/avatar\/44ad1b7f51be99230dbaef835819598e?s=96&d=mm&r=g","url":"https:\/\/secure.gravatar.com\/avatar\/44ad1b7f51be99230dbaef835819598e?s=96&d=mm&r=g","height":96,"width":96}},"publisher":{"@type":"Organization","name":"Canarias Confidencial","logo":{"@type":"ImageObject","@id":"https:\/\/www.canariasconfidencial.com\/wp-content\/uploads\/2018\/07\/Canarias-Confidencial-1.png","url":"https:\/\/www.canariasconfidencial.com\/wp-content\/uploads\/2018\/07\/Canarias-Confidencial-1.png","width":600,"height":100}},"image":{"@type":"ImageObject","@id":"http:\/\/www.ucarecdn.com\/0e87f3b4-cefd-448d-bd00-13277fa08c97\/-\/crop\/367x155\/0,0\/-\/preview\/","url":"http:\/\/www.ucarecdn.com\/0e87f3b4-cefd-448d-bd00-13277fa08c97\/-\/crop\/367x155\/0,0\/-\/preview\/","height":"","width":""},"url":"https:\/\/www.canariasconfidencial.com\/gran-canaria\/canarion-conoces-nuestras-tradiciones-la-noche-de-los-finaos\/","video":{"@context":"http:\/\/schema.org\/","@type":"VideoObject","@id":"https:\/\/www.youtube.com\/watch?v=vdVw3A7rxjo#VideoObject","contentUrl":"https:\/\/www.youtube.com\/watch?v=vdVw3A7rxjo","name":"\"Los Finaos\" en Valsequillo de Gran Canaria (1 de 3)","description":"Testimonio aportado por D. Agust\u00edn Calder\u00edn, Ranchero Mayor del Rancho de \u00c1nimas de Valsequillo de Gran Canaria, sobre la celebraci\u00f3n de la noche de \"Finaos\" en Valsequillo de G.C. 23 de octubre de 2011.","thumbnailUrl":["https:\/\/i.ytimg.com\/vi\/vdVw3A7rxjo\/default.jpg","https:\/\/i.ytimg.com\/vi\/vdVw3A7rxjo\/mqdefault.jpg","https:\/\/i.ytimg.com\/vi\/vdVw3A7rxjo\/hqdefault.jpg","https:\/\/i.ytimg.com\/vi\/vdVw3A7rxjo\/sddefault.jpg"],"uploadDate":"2011-10-31T20:37:07+00:00","duration":"PT14M4S","embedUrl":"https:\/\/www.youtube.com\/embed\/vdVw3A7rxjo","publisher":{"@type":"Organization","@id":"https:\/\/www.youtube.com\/channel\/UCZf01P-3N5qeKbkWWH3dddA#Organization","url":"https:\/\/www.youtube.com\/channel\/UCZf01P-3N5qeKbkWWH3dddA","name":"jjmongil","description":"","logo":{"url":"https:\/\/yt3.ggpht.com\/ytc\/AIdro_kCUKBKbZrmEi9fm7YXzZURXnShhSx5Q2Y7uwyHkBY=s800-c-k-c0x00ffffff-no-rj","width":800,"height":800,"@type":"ImageObject","@id":"https:\/\/www.youtube.com\/watch?v=vdVw3A7rxjo#VideoObject_publisher_logo_ImageObject"}},"potentialAction":{"@type":"SeekToAction","@id":"https:\/\/www.youtube.com\/watch?v=vdVw3A7rxjo#VideoObject_potentialAction","target":"https:\/\/www.youtube.com\/watch?v=vdVw3A7rxjo&t={seek_to_second_number}","startOffset-input":"required name=seek_to_second_number"},"interactionStatistic":[[{"@type":"InteractionCounter","@id":"https:\/\/www.youtube.com\/watch?v=vdVw3A7rxjo#VideoObject_interactionStatistic_WatchAction","interactionType":{"@type":"WatchAction"},"userInteractionCount":2535}],{"@type":"InteractionCounter","@id":"https:\/\/www.youtube.com\/watch?v=vdVw3A7rxjo#VideoObject_interactionStatistic_LikeAction","interactionType":{"@type":"LikeAction"},"userInteractionCount":11}]},"about":["Gran Canaria"],"wordCount":917},{"@context":"https:\/\/schema.org\/","@type":"BreadcrumbList","itemListElement":[{"@type":"ListItem","position":1,"name":"Gran Canaria","item":"https:\/\/www.canariasconfidencial.com\/gran-canaria\/#breadcrumbitem"},{"@type":"ListItem","position":2,"name":"\u00bfCANARI\u00d3N CONOCES NUESTRAS TRADICIONES? LA NOCHE DE LOS FINAOS","item":"https:\/\/www.canariasconfidencial.com\/gran-canaria\/canarion-conoces-nuestras-tradiciones-la-noche-de-los-finaos\/#breadcrumbitem"}]}]