[{"@context":"https:\/\/schema.org\/","@type":"BlogPosting","@id":"https:\/\/www.canariasconfidencial.com\/gran-canaria\/celebracion-en-el-ies-guia\/#BlogPosting","mainEntityOfPage":"https:\/\/www.canariasconfidencial.com\/gran-canaria\/celebracion-en-el-ies-guia\/","headline":"Celebraci\u00f3n en el IES Gu\u00eda","name":"Celebraci\u00f3n en el IES Gu\u00eda","description":"El IES Gu&iacute;a est&aacute; de celebraci&oacute;n, hoy, viernes 16 de junio a las 19.00 horas, tendr&aacute; lugar la celebraci&oacute;n de la orla del alumnado de 2&deg; de Bachillerato. Ayer jueves se acometieron los preparativos de la orla en el Sal&oacute;n de Actos por parte del alumnado con una tem&aacute;tica de la Gala de los Oscars. [&hellip;]","datePublished":"2017-06-16","dateModified":"2017-06-16","author":{"@type":"Person","@id":"https:\/\/www.canariasconfidencial.com\/author\/admin\/#Person","name":"Canarias Confidencial","url":"https:\/\/www.canariasconfidencial.com\/author\/admin\/","image":{"@type":"ImageObject","@id":"https:\/\/secure.gravatar.com\/avatar\/44ad1b7f51be99230dbaef835819598e?s=96&d=mm&r=g","url":"https:\/\/secure.gravatar.com\/avatar\/44ad1b7f51be99230dbaef835819598e?s=96&d=mm&r=g","height":96,"width":96}},"publisher":{"@type":"Organization","name":"Canarias Confidencial","logo":{"@type":"ImageObject","@id":"https:\/\/www.canariasconfidencial.com\/wp-content\/uploads\/2018\/07\/Canarias-Confidencial-1.png","url":"https:\/\/www.canariasconfidencial.com\/wp-content\/uploads\/2018\/07\/Canarias-Confidencial-1.png","width":600,"height":100}},"image":{"@type":"ImageObject","@id":"http:\/\/www.infonortedigital.com\/portada\/images\/noticias\/Guia2015\/Guia_2017\/alumnosguia17orlajun3.png","url":"http:\/\/www.infonortedigital.com\/portada\/images\/noticias\/Guia2015\/Guia_2017\/alumnosguia17orlajun3.png","height":"","width":""},"url":"https:\/\/www.canariasconfidencial.com\/gran-canaria\/celebracion-en-el-ies-guia\/","about":["Gran Canaria"],"wordCount":461},{"@context":"https:\/\/schema.org\/","@type":"BreadcrumbList","itemListElement":[{"@type":"ListItem","position":1,"name":"Gran Canaria","item":"https:\/\/www.canariasconfidencial.com\/gran-canaria\/#breadcrumbitem"},{"@type":"ListItem","position":2,"name":"Celebraci\u00f3n en el IES Gu\u00eda","item":"https:\/\/www.canariasconfidencial.com\/gran-canaria\/celebracion-en-el-ies-guia\/#breadcrumbitem"}]}]