[{"@context":"https:\/\/schema.org\/","@type":"BlogPosting","@id":"https:\/\/www.canariasconfidencial.com\/gran-canaria\/cerca-de-400-personas-participaran-manana-en-la-iii-carrera-popular-para-personas-con-discapacidad-que-se-celebra-en-santa-maria-de-guia\/#BlogPosting","mainEntityOfPage":"https:\/\/www.canariasconfidencial.com\/gran-canaria\/cerca-de-400-personas-participaran-manana-en-la-iii-carrera-popular-para-personas-con-discapacidad-que-se-celebra-en-santa-maria-de-guia\/","headline":"CERCA DE 400 PERSONAS PARTICIPAR\u00c1N MA\u00d1ANA EN LA III CARRERA POPULAR PARA PERSONAS CON DISCAPACIDAD QUE SE CELEBRA EN SANTA MAR\u00cdA DE GU\u00cdA","name":"CERCA DE 400 PERSONAS PARTICIPAR\u00c1N MA\u00d1ANA EN LA III CARRERA POPULAR PARA PERSONAS CON DISCAPACIDAD QUE SE CELEBRA EN SANTA MAR\u00cdA DE GU\u00cdA","description":"&nbsp; &nbsp; Participar&aacute;n 18 Centros de Atenci&oacute;n a Personas con Discapacidad de Gran Canaria, con el Centro Ocupacional Comarcal de Santa Mar&iacute;a de Gu&iacute;a como anfitri&oacute;n y parte de la organizaci&oacute;n de este evento. Se contar&aacute;, entre otros, con los Centros Ocupacionales de los municipios de La Aldea de San Nicol&aacute;s, G&aacute;ldar, Moya, Arucas, Santa [&hellip;]","datePublished":"2016-05-16","dateModified":"2016-05-16","author":{"@type":"Person","@id":"https:\/\/www.canariasconfidencial.com\/author\/admin\/#Person","name":"Canarias Confidencial","url":"https:\/\/www.canariasconfidencial.com\/author\/admin\/","image":{"@type":"ImageObject","@id":"https:\/\/secure.gravatar.com\/avatar\/44ad1b7f51be99230dbaef835819598e?s=96&d=mm&r=g","url":"https:\/\/secure.gravatar.com\/avatar\/44ad1b7f51be99230dbaef835819598e?s=96&d=mm&r=g","height":96,"width":96}},"publisher":{"@type":"Organization","name":"Canarias Confidencial","logo":{"@type":"ImageObject","@id":"https:\/\/www.canariasconfidencial.com\/wp-content\/uploads\/2018\/07\/Canarias-Confidencial-1.png","url":"https:\/\/www.canariasconfidencial.com\/wp-content\/uploads\/2018\/07\/Canarias-Confidencial-1.png","width":600,"height":100}},"image":{"@type":"ImageObject","@id":"http:\/\/www.ucarecdn.com\/31414bad-8f11-4bc9-bffb-81f2660c0cab\/-\/crop\/2473x1379\/0,0\/-\/preview\/","url":"http:\/\/www.ucarecdn.com\/31414bad-8f11-4bc9-bffb-81f2660c0cab\/-\/crop\/2473x1379\/0,0\/-\/preview\/","height":"","width":""},"url":"https:\/\/www.canariasconfidencial.com\/gran-canaria\/cerca-de-400-personas-participaran-manana-en-la-iii-carrera-popular-para-personas-con-discapacidad-que-se-celebra-en-santa-maria-de-guia\/","about":["Gran Canaria"],"wordCount":254},{"@context":"https:\/\/schema.org\/","@type":"BreadcrumbList","itemListElement":[{"@type":"ListItem","position":1,"name":"Gran Canaria","item":"https:\/\/www.canariasconfidencial.com\/gran-canaria\/#breadcrumbitem"},{"@type":"ListItem","position":2,"name":"CERCA DE 400 PERSONAS PARTICIPAR\u00c1N MA\u00d1ANA EN LA III CARRERA POPULAR PARA PERSONAS CON DISCAPACIDAD QUE SE CELEBRA EN SANTA MAR\u00cdA DE GU\u00cdA","item":"https:\/\/www.canariasconfidencial.com\/gran-canaria\/cerca-de-400-personas-participaran-manana-en-la-iii-carrera-popular-para-personas-con-discapacidad-que-se-celebra-en-santa-maria-de-guia\/#breadcrumbitem"}]}]