[{"@context":"https:\/\/schema.org\/","@type":"BlogPosting","@id":"https:\/\/www.canariasconfidencial.com\/gran-canaria\/como-meditar-en-un-minuto\/#BlogPosting","mainEntityOfPage":"https:\/\/www.canariasconfidencial.com\/gran-canaria\/como-meditar-en-un-minuto\/","headline":"\u00bfC\u00f3mo meditar en un minuto?","name":"\u00bfC\u00f3mo meditar en un minuto?","description":"&nbsp; &nbsp; La meditaci&oacute;n es una pr&aacute;ctica en la cual el individuo entrena la mente o induce un modo de conciencia, ya sea para conseguir alg&uacute;n beneficio o para reconocer mentalmente un contenido sin sentirse identificado\/a con ese contenido, o como un f&iacute;n en s&iacute; misma. El t&eacute;rmino meditaci&oacute;n refiere a un amplio espectro de [&hellip;]","datePublished":"2015-11-15","dateModified":"2015-11-15","author":{"@type":"Person","@id":"https:\/\/www.canariasconfidencial.com\/author\/admin\/#Person","name":"Canarias Confidencial","url":"https:\/\/www.canariasconfidencial.com\/author\/admin\/","image":{"@type":"ImageObject","@id":"https:\/\/secure.gravatar.com\/avatar\/44ad1b7f51be99230dbaef835819598e?s=96&d=mm&r=g","url":"https:\/\/secure.gravatar.com\/avatar\/44ad1b7f51be99230dbaef835819598e?s=96&d=mm&r=g","height":96,"width":96}},"publisher":{"@type":"Organization","name":"Canarias Confidencial","logo":{"@type":"ImageObject","@id":"https:\/\/www.canariasconfidencial.com\/wp-content\/uploads\/2018\/07\/Canarias-Confidencial-1.png","url":"https:\/\/www.canariasconfidencial.com\/wp-content\/uploads\/2018\/07\/Canarias-Confidencial-1.png","width":600,"height":100}},"image":{"@type":"ImageObject","@id":"http:\/\/www.ucarecdn.com\/0b713c4e-5ee6-4e85-9730-fad7f3bd82d7\/-\/preview\/","url":"http:\/\/www.ucarecdn.com\/0b713c4e-5ee6-4e85-9730-fad7f3bd82d7\/-\/preview\/","height":"","width":""},"url":"https:\/\/www.canariasconfidencial.com\/gran-canaria\/como-meditar-en-un-minuto\/","video":{"@context":"http:\/\/schema.org\/","@type":"VideoObject","@id":"https:\/\/www.youtube.com\/watch?v=spqAlb5__6Y#VideoObject","contentUrl":"https:\/\/www.youtube.com\/watch?v=spqAlb5__6Y","name":"MOOC UMA Mindfulness: M\u00f3dulo 1 V\u00eddeo 5","description":"MOOC UMA Mindfulness: M\u00f3dulo 1 V\u00eddeo 5. Meditaci\u00f3n en 1 minuto (Pr\u00e1ctica)\n\nCr\u00e9ditos\nhttps:\/\/www.youtube.com\/watch?v=YJBB8ambUdI","thumbnailUrl":["https:\/\/i.ytimg.com\/vi\/spqAlb5__6Y\/default.jpg","https:\/\/i.ytimg.com\/vi\/spqAlb5__6Y\/mqdefault.jpg","https:\/\/i.ytimg.com\/vi\/spqAlb5__6Y\/hqdefault.jpg","https:\/\/i.ytimg.com\/vi\/spqAlb5__6Y\/sddefault.jpg","https:\/\/i.ytimg.com\/vi\/spqAlb5__6Y\/maxresdefault.jpg"],"uploadDate":"2015-09-30T14:42:04+00:00","duration":"PT6M17S","embedUrl":"https:\/\/www.youtube.com\/embed\/spqAlb5__6Y","publisher":{"@type":"Organization","@id":"https:\/\/www.youtube.com\/channel\/UCYCpka3pIEGYjjcrssW10FQ#Organization","url":"https:\/\/www.youtube.com\/channel\/UCYCpka3pIEGYjjcrssW10FQ","name":"UMA MOOC","description":"","logo":{"url":"https:\/\/yt3.ggpht.com\/ytc\/AIdro_nt8YxlyVnCcYZic77-fY45ITmY9AmbPWqWLzowGI2F=s800-c-k-c0x00ffffff-no-rj","width":800,"height":800,"@type":"ImageObject","@id":"https:\/\/www.youtube.com\/watch?v=spqAlb5__6Y#VideoObject_publisher_logo_ImageObject"}},"potentialAction":{"@type":"SeekToAction","@id":"https:\/\/www.youtube.com\/watch?v=spqAlb5__6Y#VideoObject_potentialAction","target":"https:\/\/www.youtube.com\/watch?v=spqAlb5__6Y&t={seek_to_second_number}","startOffset-input":"required name=seek_to_second_number"},"interactionStatistic":[[{"@type":"InteractionCounter","@id":"https:\/\/www.youtube.com\/watch?v=spqAlb5__6Y#VideoObject_interactionStatistic_WatchAction","interactionType":{"@type":"WatchAction"},"userInteractionCount":201544}],{"@type":"InteractionCounter","@id":"https:\/\/www.youtube.com\/watch?v=spqAlb5__6Y#VideoObject_interactionStatistic_LikeAction","interactionType":{"@type":"LikeAction"},"userInteractionCount":547}]},"about":["Gran Canaria"],"wordCount":223},{"@context":"https:\/\/schema.org\/","@type":"BreadcrumbList","itemListElement":[{"@type":"ListItem","position":1,"name":"Gran Canaria","item":"https:\/\/www.canariasconfidencial.com\/gran-canaria\/#breadcrumbitem"},{"@type":"ListItem","position":2,"name":"\u00bfC\u00f3mo meditar en un minuto?","item":"https:\/\/www.canariasconfidencial.com\/gran-canaria\/como-meditar-en-un-minuto\/#breadcrumbitem"}]}]