[{"@context":"https:\/\/schema.org\/","@type":"BlogPosting","@id":"https:\/\/www.canariasconfidencial.com\/gran-canaria\/conferencia-sobre-solidaridad-internacional-en-guia\/#BlogPosting","mainEntityOfPage":"https:\/\/www.canariasconfidencial.com\/gran-canaria\/conferencia-sobre-solidaridad-internacional-en-guia\/","headline":"Conferencia sobre solidaridad internacional en Gu\u00eda","name":"Conferencia sobre solidaridad internacional en Gu\u00eda","description":"Related posts:El Cabildo re\u00fane por primera vez a los miembros del futuro Consejo Insular de Sector Primario de Gra...La candidata de Aguas de Teror a Gran Dama del Carnaval de Las Palmas, Ana B\u00e1ez, elegida 1\u00aa Dama de ...Jose\u0301 Manuel Santana. Concejal de Ayuntamiento de Santa M\u00aa de Gu\u00eda (2\u00aa Parte)","datePublished":"2016-11-28","dateModified":"2016-11-28","author":{"@type":"Person","@id":"https:\/\/www.canariasconfidencial.com\/author\/admin\/#Person","name":"Canarias Confidencial","url":"https:\/\/www.canariasconfidencial.com\/author\/admin\/","image":{"@type":"ImageObject","@id":"https:\/\/secure.gravatar.com\/avatar\/44ad1b7f51be99230dbaef835819598e?s=96&d=mm&r=g","url":"https:\/\/secure.gravatar.com\/avatar\/44ad1b7f51be99230dbaef835819598e?s=96&d=mm&r=g","height":96,"width":96}},"publisher":{"@type":"Organization","name":"Canarias Confidencial","logo":{"@type":"ImageObject","@id":"https:\/\/www.canariasconfidencial.com\/wp-content\/uploads\/2018\/07\/Canarias-Confidencial-1.png","url":"https:\/\/www.canariasconfidencial.com\/wp-content\/uploads\/2018\/07\/Canarias-Confidencial-1.png","width":600,"height":100}},"image":{"@type":"ImageObject","@id":"http:\/\/www.infonortedigital.com\/portada\/images\/noticias\/Guia\/upguia1.jpg","url":"http:\/\/www.infonortedigital.com\/portada\/images\/noticias\/Guia\/upguia1.jpg","height":"","width":""},"url":"https:\/\/www.canariasconfidencial.com\/gran-canaria\/conferencia-sobre-solidaridad-internacional-en-guia\/","about":["Gran Canaria"],"wordCount":54},{"@context":"https:\/\/schema.org\/","@type":"BreadcrumbList","itemListElement":[{"@type":"ListItem","position":1,"name":"Gran Canaria","item":"https:\/\/www.canariasconfidencial.com\/gran-canaria\/#breadcrumbitem"},{"@type":"ListItem","position":2,"name":"Conferencia sobre solidaridad internacional en Gu\u00eda","item":"https:\/\/www.canariasconfidencial.com\/gran-canaria\/conferencia-sobre-solidaridad-internacional-en-guia\/#breadcrumbitem"}]}]