[{"@context":"https:\/\/schema.org\/","@type":"BlogPosting","@id":"https:\/\/www.canariasconfidencial.com\/gran-canaria\/cuenta-atras-para-la-vi-circular-extrema-villa-de-moya\/#BlogPosting","mainEntityOfPage":"https:\/\/www.canariasconfidencial.com\/gran-canaria\/cuenta-atras-para-la-vi-circular-extrema-villa-de-moya\/","headline":"Cuenta atr\u00e1s para la VI Circular Extrema Villa de Moya","name":"Cuenta atr\u00e1s para la VI Circular Extrema Villa de Moya","description":"Related posts:\u00a0I Feria del Deporte y Salud Sportbody 2015 en Santa Mar\u00eda de Gu\u00eda.El Auditorio municipal acoge ma\u00f1ana martes una \u201cNoche de letra y m\u00fasica para una Navidad en Teror\u201dMaspawood celebra este martes la Preselecci\u00f3n Drag y la Gala \u201cA Todo Ritmo\u201d","datePublished":"2017-03-23","dateModified":"2017-03-23","author":{"@type":"Person","@id":"https:\/\/www.canariasconfidencial.com\/author\/admin\/#Person","name":"Canarias Confidencial","url":"https:\/\/www.canariasconfidencial.com\/author\/admin\/","image":{"@type":"ImageObject","@id":"https:\/\/secure.gravatar.com\/avatar\/44ad1b7f51be99230dbaef835819598e?s=96&d=mm&r=g","url":"https:\/\/secure.gravatar.com\/avatar\/44ad1b7f51be99230dbaef835819598e?s=96&d=mm&r=g","height":96,"width":96}},"publisher":{"@type":"Organization","name":"Canarias Confidencial","logo":{"@type":"ImageObject","@id":"https:\/\/www.canariasconfidencial.com\/wp-content\/uploads\/2018\/07\/Canarias-Confidencial-1.png","url":"https:\/\/www.canariasconfidencial.com\/wp-content\/uploads\/2018\/07\/Canarias-Confidencial-1.png","width":600,"height":100}},"image":{"@type":"ImageObject","@id":"http:\/\/www.infonortedigital.com\/portada\/images\/noticias\/Deportes2015\/Deporte1617\/ENTREGA_DORSALES_VI_CIRCULAR_EXTREMA_VILLA_DE_MOYA_2.jpg","url":"http:\/\/www.infonortedigital.com\/portada\/images\/noticias\/Deportes2015\/Deporte1617\/ENTREGA_DORSALES_VI_CIRCULAR_EXTREMA_VILLA_DE_MOYA_2.jpg","height":"","width":""},"url":"https:\/\/www.canariasconfidencial.com\/gran-canaria\/cuenta-atras-para-la-vi-circular-extrema-villa-de-moya\/","about":["Gran Canaria"],"wordCount":49},{"@context":"https:\/\/schema.org\/","@type":"BreadcrumbList","itemListElement":[{"@type":"ListItem","position":1,"name":"Gran Canaria","item":"https:\/\/www.canariasconfidencial.com\/gran-canaria\/#breadcrumbitem"},{"@type":"ListItem","position":2,"name":"Cuenta atr\u00e1s para la VI Circular Extrema Villa de Moya","item":"https:\/\/www.canariasconfidencial.com\/gran-canaria\/cuenta-atras-para-la-vi-circular-extrema-villa-de-moya\/#breadcrumbitem"}]}]