[{"@context":"https:\/\/schema.org\/","@type":"BlogPosting","@id":"https:\/\/www.canariasconfidencial.com\/gran-canaria\/curso-de-protocolo-en-el-campus-universitario-de-estudios-canarios-nestor-alamo\/#BlogPosting","mainEntityOfPage":"https:\/\/www.canariasconfidencial.com\/gran-canaria\/curso-de-protocolo-en-el-campus-universitario-de-estudios-canarios-nestor-alamo\/","headline":"Curso de protocolo en el Campus Universitario de Estudios Canarios &#8216;N\u00e9stor \u00c1lamo&#8217;","name":"Curso de protocolo en el Campus Universitario de Estudios Canarios &#8216;N\u00e9stor \u00c1lamo&#8217;","description":"El IX Campus Universitario de Estudios Canarios &#39;N&eacute;stor &Aacute;lamo&#39; celebra del 13 al 16 de septiembre el curso sobre &ldquo;Protocolo: del Ceremonial a los Eventos&rdquo;, impartido por el Doctor Juan Jos&eacute; Laforet, T&eacute;cnico Superior en Protocolo de Estado e Internacional y profesor de la Universidad de Las Palmas de Gran Canaria. Este curso, el segundo [&hellip;]","datePublished":"2016-08-30","dateModified":"2016-08-30","author":{"@type":"Person","@id":"https:\/\/www.canariasconfidencial.com\/author\/admin\/#Person","name":"Canarias Confidencial","url":"https:\/\/www.canariasconfidencial.com\/author\/admin\/","image":{"@type":"ImageObject","@id":"https:\/\/secure.gravatar.com\/avatar\/44ad1b7f51be99230dbaef835819598e?s=96&d=mm&r=g","url":"https:\/\/secure.gravatar.com\/avatar\/44ad1b7f51be99230dbaef835819598e?s=96&d=mm&r=g","height":96,"width":96}},"publisher":{"@type":"Organization","name":"Canarias Confidencial","logo":{"@type":"ImageObject","@id":"https:\/\/www.canariasconfidencial.com\/wp-content\/uploads\/2018\/07\/Canarias-Confidencial-1.png","url":"https:\/\/www.canariasconfidencial.com\/wp-content\/uploads\/2018\/07\/Canarias-Confidencial-1.png","width":600,"height":100}},"image":{"@type":"ImageObject","@id":"https:\/\/www.canariasconfidencial.com\/wp-content\/uploads\/2018\/04\/avatar-2155431_640.png","url":"https:\/\/www.canariasconfidencial.com\/wp-content\/uploads\/2018\/04\/avatar-2155431_640.png","width":640,"height":360},"url":"https:\/\/www.canariasconfidencial.com\/gran-canaria\/curso-de-protocolo-en-el-campus-universitario-de-estudios-canarios-nestor-alamo\/","about":["Gran Canaria"],"wordCount":435},{"@context":"https:\/\/schema.org\/","@type":"BreadcrumbList","itemListElement":[{"@type":"ListItem","position":1,"name":"Gran Canaria","item":"https:\/\/www.canariasconfidencial.com\/gran-canaria\/#breadcrumbitem"},{"@type":"ListItem","position":2,"name":"Curso de protocolo en el Campus Universitario de Estudios Canarios &#8216;N\u00e9stor \u00c1lamo&#8217;","item":"https:\/\/www.canariasconfidencial.com\/gran-canaria\/curso-de-protocolo-en-el-campus-universitario-de-estudios-canarios-nestor-alamo\/#breadcrumbitem"}]}]