[{"@context":"https:\/\/schema.org\/","@type":"BlogPosting","@id":"https:\/\/www.canariasconfidencial.com\/gran-canaria\/dia-de-talleres-de-navidad-en-el-ceip-trujillo-de-moya\/#BlogPosting","mainEntityOfPage":"https:\/\/www.canariasconfidencial.com\/gran-canaria\/dia-de-talleres-de-navidad-en-el-ceip-trujillo-de-moya\/","headline":"D\u00eda de talleres de Navidad en el CEIP  Trujillo de Moya","name":"D\u00eda de talleres de Navidad en el CEIP  Trujillo de Moya","description":"Related posts:El Cabildo aprueba una subvenci\u00f3n de 300.000 euros a ganaderos de Gran Canaria para mejorar sus expl...Quique Seti\u00e9n visita a la UD Gu\u00eda (Fotos)El ayuntamiento de G\u00e1ldar estrena nueva imagen corporativa","datePublished":"2016-12-26","dateModified":"2016-12-26","author":{"@type":"Person","@id":"https:\/\/www.canariasconfidencial.com\/author\/admin\/#Person","name":"Canarias Confidencial","url":"https:\/\/www.canariasconfidencial.com\/author\/admin\/","image":{"@type":"ImageObject","@id":"https:\/\/secure.gravatar.com\/avatar\/44ad1b7f51be99230dbaef835819598e?s=96&d=mm&r=g","url":"https:\/\/secure.gravatar.com\/avatar\/44ad1b7f51be99230dbaef835819598e?s=96&d=mm&r=g","height":96,"width":96}},"publisher":{"@type":"Organization","name":"Canarias Confidencial","logo":{"@type":"ImageObject","@id":"https:\/\/www.canariasconfidencial.com\/wp-content\/uploads\/2018\/07\/Canarias-Confidencial-1.png","url":"https:\/\/www.canariasconfidencial.com\/wp-content\/uploads\/2018\/07\/Canarias-Confidencial-1.png","width":600,"height":100}},"image":{"@type":"ImageObject","@id":"http:\/\/www.infonortedigital.com\/portada\/images\/noticias\/Moya_2015\/Moya_2016\/tasot.jpg","url":"http:\/\/www.infonortedigital.com\/portada\/images\/noticias\/Moya_2015\/Moya_2016\/tasot.jpg","height":"","width":""},"url":"https:\/\/www.canariasconfidencial.com\/gran-canaria\/dia-de-talleres-de-navidad-en-el-ceip-trujillo-de-moya\/","about":["Gran Canaria"],"wordCount":38},{"@context":"https:\/\/schema.org\/","@type":"BreadcrumbList","itemListElement":[{"@type":"ListItem","position":1,"name":"Gran Canaria","item":"https:\/\/www.canariasconfidencial.com\/gran-canaria\/#breadcrumbitem"},{"@type":"ListItem","position":2,"name":"D\u00eda de talleres de Navidad en el CEIP  Trujillo de Moya","item":"https:\/\/www.canariasconfidencial.com\/gran-canaria\/dia-de-talleres-de-navidad-en-el-ceip-trujillo-de-moya\/#breadcrumbitem"}]}]