[{"@context":"https:\/\/schema.org\/","@type":"BlogPosting","@id":"https:\/\/www.canariasconfidencial.com\/gran-canaria\/dia-internacional-de-la-juventud\/#BlogPosting","mainEntityOfPage":"https:\/\/www.canariasconfidencial.com\/gran-canaria\/dia-internacional-de-la-juventud\/","headline":"D\u00eda Internacional de la Juventud","name":"D\u00eda Internacional de la Juventud","description":"Related posts:El CEIP Agust\u00edn Hern\u00e1ndez D\u00edaz de Moya, estrena cocinaLas acciones ya comprometidas con G\u00e1ldar alcanzan los 8 millonesM\u00daSICA LATINA PARA BAILAR: LIGIA ELENA","datePublished":"2017-08-09","dateModified":"2017-08-09","author":{"@type":"Person","@id":"https:\/\/www.canariasconfidencial.com\/author\/admin\/#Person","name":"Canarias Confidencial","url":"https:\/\/www.canariasconfidencial.com\/author\/admin\/","image":{"@type":"ImageObject","@id":"https:\/\/secure.gravatar.com\/avatar\/44ad1b7f51be99230dbaef835819598e?s=96&d=mm&r=g","url":"https:\/\/secure.gravatar.com\/avatar\/44ad1b7f51be99230dbaef835819598e?s=96&d=mm&r=g","height":96,"width":96}},"publisher":{"@type":"Organization","name":"Canarias Confidencial","logo":{"@type":"ImageObject","@id":"https:\/\/www.canariasconfidencial.com\/wp-content\/uploads\/2018\/07\/Canarias-Confidencial-1.png","url":"https:\/\/www.canariasconfidencial.com\/wp-content\/uploads\/2018\/07\/Canarias-Confidencial-1.png","width":600,"height":100}},"image":{"@type":"ImageObject","@id":"http:\/\/www.villademoya.es\/ciudadano\/documentos\/carteldigital_diadelajuventud-01.jpg","url":"http:\/\/www.villademoya.es\/ciudadano\/documentos\/carteldigital_diadelajuventud-01.jpg","height":"","width":""},"url":"https:\/\/www.canariasconfidencial.com\/gran-canaria\/dia-internacional-de-la-juventud\/","about":["Gran Canaria"],"wordCount":29},{"@context":"https:\/\/schema.org\/","@type":"BreadcrumbList","itemListElement":[{"@type":"ListItem","position":1,"name":"Gran Canaria","item":"https:\/\/www.canariasconfidencial.com\/gran-canaria\/#breadcrumbitem"},{"@type":"ListItem","position":2,"name":"D\u00eda Internacional de la Juventud","item":"https:\/\/www.canariasconfidencial.com\/gran-canaria\/dia-internacional-de-la-juventud\/#breadcrumbitem"}]}]