[{"@context":"https:\/\/schema.org\/","@type":"BlogPosting","@id":"https:\/\/www.canariasconfidencial.com\/gran-canaria\/distinciones-vulnerabilidad\/#BlogPosting","mainEntityOfPage":"https:\/\/www.canariasconfidencial.com\/gran-canaria\/distinciones-vulnerabilidad\/","headline":"Distinciones: Vulnerabilidad","name":"Distinciones: Vulnerabilidad","description":"Es lo que nos conecta con el ser humano que somos. Genera en el que la percibe af&aacute;n de ayuda. . Al mostrarlas abrimos la posibilidad de que otros las muestren tambi&eacute;n, Lo que es muy &uacute;til en la comunicaci&oacute;n emp&aacute;tica (sentir al otro) Promueve la confianza.&nbsp; Las organizaciones toleran la vulnerabilidad pero no la [&hellip;]","datePublished":"2015-10-12","dateModified":"2015-10-12","author":{"@type":"Person","@id":"https:\/\/www.canariasconfidencial.com\/author\/admin\/#Person","name":"Canarias Confidencial","url":"https:\/\/www.canariasconfidencial.com\/author\/admin\/","image":{"@type":"ImageObject","@id":"https:\/\/secure.gravatar.com\/avatar\/44ad1b7f51be99230dbaef835819598e?s=96&d=mm&r=g","url":"https:\/\/secure.gravatar.com\/avatar\/44ad1b7f51be99230dbaef835819598e?s=96&d=mm&r=g","height":96,"width":96}},"publisher":{"@type":"Organization","name":"Canarias Confidencial","logo":{"@type":"ImageObject","@id":"https:\/\/www.canariasconfidencial.com\/wp-content\/uploads\/2018\/07\/Canarias-Confidencial-1.png","url":"https:\/\/www.canariasconfidencial.com\/wp-content\/uploads\/2018\/07\/Canarias-Confidencial-1.png","width":600,"height":100}},"image":{"@type":"ImageObject","@id":"http:\/\/www.ucarecdn.com\/b4892452-9d8c-4d53-9e12-1a3493632e9e\/-\/preview\/","url":"http:\/\/www.ucarecdn.com\/b4892452-9d8c-4d53-9e12-1a3493632e9e\/-\/preview\/","height":"","width":""},"url":"https:\/\/www.canariasconfidencial.com\/gran-canaria\/distinciones-vulnerabilidad\/","video":{"@context":"http:\/\/schema.org\/","@type":"VideoObject","@id":"https:\/\/www.youtube.com\/watch?v=2wfng-zBAT8#VideoObject","contentUrl":"https:\/\/www.youtube.com\/watch?v=2wfng-zBAT8","name":"EL PODER DE LA VULNERABILIDAD - BREN\u00c9 BROWN subtitulado ESPA\u00d1OL","description":"BREN\u00c9 BROWN - EL PODER DE LA VULNERABILIDAD subtitulado ESPA\u00d1OL\n\nBrene Brown estudia la conexi\u00f3n humana, nuestra capacidad de empat\u00eda, de pertenencia, de amar. En una charla conmovedora y divertida en TEDxHouston, comparte una visi\u00f3n profunda de su investigaci\u00f3n que la llev\u00f3 a una b\u00fasqueda personal para conocerse a s\u00ed misma y a la Humanidad. Una charla para compartir. \n\nFuente: TED.COM (http:\/\/www.ted.com\/talks\/brene_brown_on_vulnerability.html)\n\nTambi\u00e9n te pueden interesar los siguientes sitios:\n\nCoaching:\nhttps:\/\/www.sentidodelavida.org\nhttps:\/\/www.coaching-barcelona.com\nhttps:\/\/coaching.barcelona\nhttps:\/\/coach.cat\nhttps:\/\/www.pablomora.com\nGesti\u00f3n del cambio:\nhttps:\/\/www.gestiondelcambio.net\nDaltonismo:\nhttps:\/\/www.testdaltonismo.com","thumbnailUrl":["https:\/\/i.ytimg.com\/vi\/2wfng-zBAT8\/default.jpg","https:\/\/i.ytimg.com\/vi\/2wfng-zBAT8\/mqdefault.jpg","https:\/\/i.ytimg.com\/vi\/2wfng-zBAT8\/hqdefault.jpg"],"uploadDate":"2014-02-08T16:06:03+00:00","duration":"PT20M20S","embedUrl":"https:\/\/www.youtube.com\/embed\/2wfng-zBAT8","publisher":{"@type":"Organization","@id":"https:\/\/www.youtube.com\/channel\/UCknL8VgR3Zdqn5adXdqBRVQ#Organization","url":"https:\/\/www.youtube.com\/channel\/UCknL8VgR3Zdqn5adXdqBRVQ","name":"Ganas de Cambiar","description":"Aqu\u00ed encontrar\u00e1s v\u00eddeos inspiradores, v\u00eddeos de humor, v\u00eddeos para aprender, v\u00eddeos que considero \u00fatiles e interesantes... Esa es la idea.\n\nVisita nuestras webs:\n\nhttps:\/\/www.coaching-barcelona.com\nhttps:\/\/coaching.barcelona\nhttps:\/\/www.gestiondelcambio.net\nhttps:\/\/www.pablomora.com\nhttps:\/\/www.sentidodelavida.org\n\nTWITTER: @Super_Coaching\nFACEBOOK: https:\/\/www.facebook.com\/pages\/Coaching-Barcelona-Coach-personal-en-Barcelona\/129685203865109\n\nComparte los v\u00eddeos si te gustan o crees que ayudar\u00e1n a m\u00e1s personas!","logo":{"url":"https:\/\/yt3.ggpht.com\/Vh1dLNpl8qRuSa66jgBJqjgidLduVXJQK8NV1H9Y1QSISTJs_zZ71JFRAt6jwZpclxPy7vD0-rU=s800-c-k-c0x00ffffff-no-rj","width":800,"height":800,"@type":"ImageObject","@id":"https:\/\/www.youtube.com\/watch?v=2wfng-zBAT8#VideoObject_publisher_logo_ImageObject"}},"potentialAction":{"@type":"SeekToAction","@id":"https:\/\/www.youtube.com\/watch?v=2wfng-zBAT8#VideoObject_potentialAction","target":"https:\/\/www.youtube.com\/watch?v=2wfng-zBAT8&t={seek_to_second_number}","startOffset-input":"required name=seek_to_second_number"},"interactionStatistic":[[{"@type":"InteractionCounter","@id":"https:\/\/www.youtube.com\/watch?v=2wfng-zBAT8#VideoObject_interactionStatistic_WatchAction","interactionType":{"@type":"WatchAction"},"userInteractionCount":8807}],{"@type":"InteractionCounter","@id":"https:\/\/www.youtube.com\/watch?v=2wfng-zBAT8#VideoObject_interactionStatistic_LikeAction","interactionType":{"@type":"LikeAction"},"userInteractionCount":95}]},"about":["Gran Canaria"],"wordCount":472},{"@context":"https:\/\/schema.org\/","@type":"BreadcrumbList","itemListElement":[{"@type":"ListItem","position":1,"name":"Gran Canaria","item":"https:\/\/www.canariasconfidencial.com\/gran-canaria\/#breadcrumbitem"},{"@type":"ListItem","position":2,"name":"Distinciones: Vulnerabilidad","item":"https:\/\/www.canariasconfidencial.com\/gran-canaria\/distinciones-vulnerabilidad\/#breadcrumbitem"}]}]