[{"@context":"https:\/\/schema.org\/","@type":"BlogPosting","@id":"https:\/\/www.canariasconfidencial.com\/gran-canaria\/dos-combinados-lucharan-el-sabado-en-homenaje-a-zoilo-dominguez-pollo-de-moya-i\/#BlogPosting","mainEntityOfPage":"https:\/\/www.canariasconfidencial.com\/gran-canaria\/dos-combinados-lucharan-el-sabado-en-homenaje-a-zoilo-dominguez-pollo-de-moya-i\/","headline":"Dos combinados luchar\u00e1n el s\u00e1bado en homenaje a Zoilo Dom\u00ednguez &#171;Pollo de Moya I&#187;","name":"Dos combinados luchar\u00e1n el s\u00e1bado en homenaje a Zoilo Dom\u00ednguez &#171;Pollo de Moya I&#187;","description":"El Hotel Santa Catalina acogi&oacute; la pasada semana el acto de presentaci&oacute;n de la luchada y su organizador &Aacute;lvaro D&eacute;niz &ldquo;Pollo de Moya II&rdquo;, ya tiene todo preparado para el gran acontecimiento en un terrero con capacidad para unas 700 personas y que tiene previsto como &aacute;rbitro a Eulogio Ram&iacute;rez. Definitivamente confirman su participaci&oacute;n el [&hellip;]","datePublished":"2017-09-14","dateModified":"2017-09-14","author":{"@type":"Person","@id":"https:\/\/www.canariasconfidencial.com\/author\/admin\/#Person","name":"Canarias Confidencial","url":"https:\/\/www.canariasconfidencial.com\/author\/admin\/","image":{"@type":"ImageObject","@id":"https:\/\/secure.gravatar.com\/avatar\/44ad1b7f51be99230dbaef835819598e?s=96&d=mm&r=g","url":"https:\/\/secure.gravatar.com\/avatar\/44ad1b7f51be99230dbaef835819598e?s=96&d=mm&r=g","height":96,"width":96}},"publisher":{"@type":"Organization","name":"Canarias Confidencial","logo":{"@type":"ImageObject","@id":"https:\/\/www.canariasconfidencial.com\/wp-content\/uploads\/2018\/07\/Canarias-Confidencial-1.png","url":"https:\/\/www.canariasconfidencial.com\/wp-content\/uploads\/2018\/07\/Canarias-Confidencial-1.png","width":600,"height":100}},"image":{"@type":"ImageObject","@id":"http:\/\/www.infonortedigital.com\/portada\/images\/noticias\/Lucha_canaria\/Temp17-18\/Pollos_de_Moya_I_II_III_y_IV_con_Samuel_hijo_del_Pollo20_de_Moya_I.jpg","url":"http:\/\/www.infonortedigital.com\/portada\/images\/noticias\/Lucha_canaria\/Temp17-18\/Pollos_de_Moya_I_II_III_y_IV_con_Samuel_hijo_del_Pollo20_de_Moya_I.jpg","height":"","width":""},"url":"https:\/\/www.canariasconfidencial.com\/gran-canaria\/dos-combinados-lucharan-el-sabado-en-homenaje-a-zoilo-dominguez-pollo-de-moya-i\/","about":["Gran Canaria"],"wordCount":318},{"@context":"https:\/\/schema.org\/","@type":"BreadcrumbList","itemListElement":[{"@type":"ListItem","position":1,"name":"Gran Canaria","item":"https:\/\/www.canariasconfidencial.com\/gran-canaria\/#breadcrumbitem"},{"@type":"ListItem","position":2,"name":"Dos combinados luchar\u00e1n el s\u00e1bado en homenaje a Zoilo Dom\u00ednguez &#171;Pollo de Moya I&#187;","item":"https:\/\/www.canariasconfidencial.com\/gran-canaria\/dos-combinados-lucharan-el-sabado-en-homenaje-a-zoilo-dominguez-pollo-de-moya-i\/#breadcrumbitem"}]}]