[{"@context":"https:\/\/schema.org\/","@type":"BlogPosting","@id":"https:\/\/www.canariasconfidencial.com\/gran-canaria\/educar-en-familia-en-santa-maria-de-guia\/#BlogPosting","mainEntityOfPage":"https:\/\/www.canariasconfidencial.com\/gran-canaria\/educar-en-familia-en-santa-maria-de-guia\/","headline":"Educar en Familia en Santa Mar\u00eda de Gu\u00eda","name":"Educar en Familia en Santa Mar\u00eda de Gu\u00eda","description":"La concejal de Educaci&oacute;n, Mar&iacute;a del Carmen Mendoza, informa que el pr&oacute;ximo lunes, 18 de abril, se celebrar&aacute; el taller &quot;El refuerzo positivo. Destaquemos lo mejor de nuestros hijos e hijas&quot; a cargo de la maestra y psicopedagoga, Ana Isabel Santana Arrocha. Se trata del primero de los tres talleres incluidos este a&ntilde;o en el [&hellip;]","datePublished":"2016-04-12","dateModified":"2016-04-12","author":{"@type":"Person","@id":"https:\/\/www.canariasconfidencial.com\/author\/admin\/#Person","name":"Canarias Confidencial","url":"https:\/\/www.canariasconfidencial.com\/author\/admin\/","image":{"@type":"ImageObject","@id":"https:\/\/secure.gravatar.com\/avatar\/44ad1b7f51be99230dbaef835819598e?s=96&d=mm&r=g","url":"https:\/\/secure.gravatar.com\/avatar\/44ad1b7f51be99230dbaef835819598e?s=96&d=mm&r=g","height":96,"width":96}},"publisher":{"@type":"Organization","name":"Canarias Confidencial","logo":{"@type":"ImageObject","@id":"https:\/\/www.canariasconfidencial.com\/wp-content\/uploads\/2018\/07\/Canarias-Confidencial-1.png","url":"https:\/\/www.canariasconfidencial.com\/wp-content\/uploads\/2018\/07\/Canarias-Confidencial-1.png","width":600,"height":100}},"image":{"@type":"ImageObject","@id":"http:\/\/www.infonortedigital.com\/portada\/images\/noticias\/Guia2015\/Guia_2016\/paadresguia.jpg","url":"http:\/\/www.infonortedigital.com\/portada\/images\/noticias\/Guia2015\/Guia_2016\/paadresguia.jpg","height":"","width":""},"url":"https:\/\/www.canariasconfidencial.com\/gran-canaria\/educar-en-familia-en-santa-maria-de-guia\/","about":["Gran Canaria"],"wordCount":294},{"@context":"https:\/\/schema.org\/","@type":"BreadcrumbList","itemListElement":[{"@type":"ListItem","position":1,"name":"Gran Canaria","item":"https:\/\/www.canariasconfidencial.com\/gran-canaria\/#breadcrumbitem"},{"@type":"ListItem","position":2,"name":"Educar en Familia en Santa Mar\u00eda de Gu\u00eda","item":"https:\/\/www.canariasconfidencial.com\/gran-canaria\/educar-en-familia-en-santa-maria-de-guia\/#breadcrumbitem"}]}]