[{"@context":"https:\/\/schema.org\/","@type":"BlogPosting","@id":"https:\/\/www.canariasconfidencial.com\/gran-canaria\/el-alcalde-de-guia-reclama-mas-plazas-para-personas-mayores-dependientes-en-el-norte\/#BlogPosting","mainEntityOfPage":"https:\/\/www.canariasconfidencial.com\/gran-canaria\/el-alcalde-de-guia-reclama-mas-plazas-para-personas-mayores-dependientes-en-el-norte\/","headline":"El alcalde de Gu\u00eda reclama m\u00e1s plazas para personas mayores dependientes en el Norte","name":"El alcalde de Gu\u00eda reclama m\u00e1s plazas para personas mayores dependientes en el Norte","description":"&nbsp;&nbsp; El alcalde de Gu&iacute;a, Pedro Rodr&iacute;guez, reclam&oacute; a la consejera de Pol&iacute;tica Social y Accesibilidad del Cabildo de Gran Canaria, Elena M&aacute;&ntilde;ez, m&aacute;s plazas en la Comarca Norte para personas mayores dependientes. El primer edil guiense formul&oacute; esta demanda durante la visita que la responsable insular realiz&oacute; &nbsp;al municipio de Santa Mar&iacute;a de Gu&iacute;a [&hellip;]","datePublished":"2016-03-14","dateModified":"2016-03-14","author":{"@type":"Person","@id":"https:\/\/www.canariasconfidencial.com\/author\/admin\/#Person","name":"Canarias Confidencial","url":"https:\/\/www.canariasconfidencial.com\/author\/admin\/","image":{"@type":"ImageObject","@id":"https:\/\/secure.gravatar.com\/avatar\/44ad1b7f51be99230dbaef835819598e?s=96&d=mm&r=g","url":"https:\/\/secure.gravatar.com\/avatar\/44ad1b7f51be99230dbaef835819598e?s=96&d=mm&r=g","height":96,"width":96}},"publisher":{"@type":"Organization","name":"Canarias Confidencial","logo":{"@type":"ImageObject","@id":"https:\/\/www.canariasconfidencial.com\/wp-content\/uploads\/2018\/07\/Canarias-Confidencial-1.png","url":"https:\/\/www.canariasconfidencial.com\/wp-content\/uploads\/2018\/07\/Canarias-Confidencial-1.png","width":600,"height":100}},"image":{"@type":"ImageObject","@id":"http:\/\/www.infonortedigital.com\/portada\/images\/noticias\/Guia2015\/Guia_2016\/centroocupacionalguia.jpg","url":"http:\/\/www.infonortedigital.com\/portada\/images\/noticias\/Guia2015\/Guia_2016\/centroocupacionalguia.jpg","height":"","width":""},"url":"https:\/\/www.canariasconfidencial.com\/gran-canaria\/el-alcalde-de-guia-reclama-mas-plazas-para-personas-mayores-dependientes-en-el-norte\/","about":["Gran Canaria"],"wordCount":241},{"@context":"https:\/\/schema.org\/","@type":"BreadcrumbList","itemListElement":[{"@type":"ListItem","position":1,"name":"Gran Canaria","item":"https:\/\/www.canariasconfidencial.com\/gran-canaria\/#breadcrumbitem"},{"@type":"ListItem","position":2,"name":"El alcalde de Gu\u00eda reclama m\u00e1s plazas para personas mayores dependientes en el Norte","item":"https:\/\/www.canariasconfidencial.com\/gran-canaria\/el-alcalde-de-guia-reclama-mas-plazas-para-personas-mayores-dependientes-en-el-norte\/#breadcrumbitem"}]}]