[{"@context":"https:\/\/schema.org\/","@type":"BlogPosting","@id":"https:\/\/www.canariasconfidencial.com\/gran-canaria\/el-alcalde-de-guia-visito-la-sede-de-spar-gran-canaria\/#BlogPosting","mainEntityOfPage":"https:\/\/www.canariasconfidencial.com\/gran-canaria\/el-alcalde-de-guia-visito-la-sede-de-spar-gran-canaria\/","headline":"EL ALCALDE DE GU\u00cdA VISIT\u00d3 LA SEDE DE SPAR GRAN CANARIA","name":"EL ALCALDE DE GU\u00cdA VISIT\u00d3 LA SEDE DE SPAR GRAN CANARIA","description":"En la recepci&oacute;n tambi&eacute;n estuvo presente la directora general del grupo SPAR Gran Canaria, Dunia P&eacute;rez, as&iacute; como algunos socios y franquiciados. Durante el encuentro, &Aacute;ngel Medina explic&oacute; a Rodr&iacute;guez y Santana las peculiaridades del grupo SPAR Gran Canaria, una empresa que en este 2016 cumple su 30 aniversario. Adem&aacute;s, realizaron una visita a las [&hellip;]","datePublished":"2016-06-30","dateModified":"2016-06-30","author":{"@type":"Person","@id":"https:\/\/www.canariasconfidencial.com\/author\/admin\/#Person","name":"Canarias Confidencial","url":"https:\/\/www.canariasconfidencial.com\/author\/admin\/","image":{"@type":"ImageObject","@id":"https:\/\/secure.gravatar.com\/avatar\/44ad1b7f51be99230dbaef835819598e?s=96&d=mm&r=g","url":"https:\/\/secure.gravatar.com\/avatar\/44ad1b7f51be99230dbaef835819598e?s=96&d=mm&r=g","height":96,"width":96}},"publisher":{"@type":"Organization","name":"Canarias Confidencial","logo":{"@type":"ImageObject","@id":"https:\/\/www.canariasconfidencial.com\/wp-content\/uploads\/2018\/07\/Canarias-Confidencial-1.png","url":"https:\/\/www.canariasconfidencial.com\/wp-content\/uploads\/2018\/07\/Canarias-Confidencial-1.png","width":600,"height":100}},"image":{"@type":"ImageObject","@id":"http:\/\/www.ucarecdn.com\/93329988-e205-4023-a92a-0990e625481f\/-\/preview\/","url":"http:\/\/www.ucarecdn.com\/93329988-e205-4023-a92a-0990e625481f\/-\/preview\/","height":"","width":""},"url":"https:\/\/www.canariasconfidencial.com\/gran-canaria\/el-alcalde-de-guia-visito-la-sede-de-spar-gran-canaria\/","about":["Gran Canaria"],"wordCount":239},{"@context":"https:\/\/schema.org\/","@type":"BreadcrumbList","itemListElement":[{"@type":"ListItem","position":1,"name":"Gran Canaria","item":"https:\/\/www.canariasconfidencial.com\/gran-canaria\/#breadcrumbitem"},{"@type":"ListItem","position":2,"name":"EL ALCALDE DE GU\u00cdA VISIT\u00d3 LA SEDE DE SPAR GRAN CANARIA","item":"https:\/\/www.canariasconfidencial.com\/gran-canaria\/el-alcalde-de-guia-visito-la-sede-de-spar-gran-canaria\/#breadcrumbitem"}]}]