[{"@context":"https:\/\/schema.org\/","@type":"BlogPosting","@id":"https:\/\/www.canariasconfidencial.com\/gran-canaria\/el-alcalde-de-moya-solo-percibira-retribucion-por-asistir-a-las-sesiones-plenarias\/#BlogPosting","mainEntityOfPage":"https:\/\/www.canariasconfidencial.com\/gran-canaria\/el-alcalde-de-moya-solo-percibira-retribucion-por-asistir-a-las-sesiones-plenarias\/","headline":"El alcalde de Moya s\u00f3lo percibir\u00e1 retribuci\u00f3n por asistir a las sesiones plenarias","name":"El alcalde de Moya s\u00f3lo percibir\u00e1 retribuci\u00f3n por asistir a las sesiones plenarias","description":"Tras formalizar el alcalde de la Villa de Moya, Poli Su&aacute;rez, su renuncia al alta en el R&eacute;gimen de la Seguridad Social con dedicaci&oacute;n exclusiva en el Ayuntamiento norte&ntilde;o, el Consistorio moyense aprob&oacute; este jueves por mayor&iacute;a absoluta en pleno ordinario, la modificaci&oacute;n de la Base 34 de Ejecuci&oacute;n del Presupuesto 2016, que fija las [&hellip;]","datePublished":"2016-07-28","dateModified":"2016-07-28","author":{"@type":"Person","@id":"https:\/\/www.canariasconfidencial.com\/author\/admin\/#Person","name":"Canarias Confidencial","url":"https:\/\/www.canariasconfidencial.com\/author\/admin\/","image":{"@type":"ImageObject","@id":"https:\/\/secure.gravatar.com\/avatar\/44ad1b7f51be99230dbaef835819598e?s=96&d=mm&r=g","url":"https:\/\/secure.gravatar.com\/avatar\/44ad1b7f51be99230dbaef835819598e?s=96&d=mm&r=g","height":96,"width":96}},"publisher":{"@type":"Organization","name":"Canarias Confidencial","logo":{"@type":"ImageObject","@id":"https:\/\/www.canariasconfidencial.com\/wp-content\/uploads\/2018\/07\/Canarias-Confidencial-1.png","url":"https:\/\/www.canariasconfidencial.com\/wp-content\/uploads\/2018\/07\/Canarias-Confidencial-1.png","width":600,"height":100}},"image":{"@type":"ImageObject","@id":"https:\/\/www.canariasconfidencial.com\/wp-content\/uploads\/2018\/04\/avatar-2155431_640.png","url":"https:\/\/www.canariasconfidencial.com\/wp-content\/uploads\/2018\/04\/avatar-2155431_640.png","width":640,"height":360},"url":"https:\/\/www.canariasconfidencial.com\/gran-canaria\/el-alcalde-de-moya-solo-percibira-retribucion-por-asistir-a-las-sesiones-plenarias\/","about":["Gran Canaria"],"wordCount":603},{"@context":"https:\/\/schema.org\/","@type":"BreadcrumbList","itemListElement":[{"@type":"ListItem","position":1,"name":"Gran Canaria","item":"https:\/\/www.canariasconfidencial.com\/gran-canaria\/#breadcrumbitem"},{"@type":"ListItem","position":2,"name":"El alcalde de Moya s\u00f3lo percibir\u00e1 retribuci\u00f3n por asistir a las sesiones plenarias","item":"https:\/\/www.canariasconfidencial.com\/gran-canaria\/el-alcalde-de-moya-solo-percibira-retribucion-por-asistir-a-las-sesiones-plenarias\/#breadcrumbitem"}]}]