[{"@context":"https:\/\/schema.org\/","@type":"BlogPosting","@id":"https:\/\/www.canariasconfidencial.com\/gran-canaria\/el-ayuntamiento-de-guia-abre-el-plazo-de-inscripcion-para-la-feria-dias-de-celebracion\/#BlogPosting","mainEntityOfPage":"https:\/\/www.canariasconfidencial.com\/gran-canaria\/el-ayuntamiento-de-guia-abre-el-plazo-de-inscripcion-para-la-feria-dias-de-celebracion\/","headline":"El ayuntamiento de Gu\u00eda abre el plazo de inscripci\u00f3n para la feria D\u00edas de Celebraci\u00f3n","name":"El ayuntamiento de Gu\u00eda abre el plazo de inscripci\u00f3n para la feria D\u00edas de Celebraci\u00f3n","description":"Related posts:Gu\u00eda cerr\u00f3 los actos del D\u00eda de la Mujer con una visita a la Cueva PintadaAlgarab\u00eda y diversi\u00f3n en el arranque de la Feria de Ganado en La Granja del CabildoExpertos de Francia y Espa\u00f1a participan en las IV Jornadas de Risco Ca\u00eddo para arrojar luz sobre sus...","datePublished":"2017-02-23","dateModified":"2017-02-23","author":{"@type":"Person","@id":"https:\/\/www.canariasconfidencial.com\/author\/admin\/#Person","name":"Canarias Confidencial","url":"https:\/\/www.canariasconfidencial.com\/author\/admin\/","image":{"@type":"ImageObject","@id":"https:\/\/secure.gravatar.com\/avatar\/44ad1b7f51be99230dbaef835819598e?s=96&d=mm&r=g","url":"https:\/\/secure.gravatar.com\/avatar\/44ad1b7f51be99230dbaef835819598e?s=96&d=mm&r=g","height":96,"width":96}},"publisher":{"@type":"Organization","name":"Canarias Confidencial","logo":{"@type":"ImageObject","@id":"https:\/\/www.canariasconfidencial.com\/wp-content\/uploads\/2018\/07\/Canarias-Confidencial-1.png","url":"https:\/\/www.canariasconfidencial.com\/wp-content\/uploads\/2018\/07\/Canarias-Confidencial-1.png","width":600,"height":100}},"image":{"@type":"ImageObject","@id":"http:\/\/www.infonortedigital.com\/portada\/images\/noticias\/Guia2015\/Guia_2017\/celebracion.jpg","url":"http:\/\/www.infonortedigital.com\/portada\/images\/noticias\/Guia2015\/Guia_2017\/celebracion.jpg","height":"","width":""},"url":"https:\/\/www.canariasconfidencial.com\/gran-canaria\/el-ayuntamiento-de-guia-abre-el-plazo-de-inscripcion-para-la-feria-dias-de-celebracion\/","about":["Gran Canaria"],"wordCount":56},{"@context":"https:\/\/schema.org\/","@type":"BreadcrumbList","itemListElement":[{"@type":"ListItem","position":1,"name":"Gran Canaria","item":"https:\/\/www.canariasconfidencial.com\/gran-canaria\/#breadcrumbitem"},{"@type":"ListItem","position":2,"name":"El ayuntamiento de Gu\u00eda abre el plazo de inscripci\u00f3n para la feria D\u00edas de Celebraci\u00f3n","item":"https:\/\/www.canariasconfidencial.com\/gran-canaria\/el-ayuntamiento-de-guia-abre-el-plazo-de-inscripcion-para-la-feria-dias-de-celebracion\/#breadcrumbitem"}]}]