[{"@context":"https:\/\/schema.org\/","@type":"BlogPosting","@id":"https:\/\/www.canariasconfidencial.com\/gran-canaria\/el-ayuntamiento-de-guia-amplia-el-plazo-para-las-ayudas-al-estudio\/#BlogPosting","mainEntityOfPage":"https:\/\/www.canariasconfidencial.com\/gran-canaria\/el-ayuntamiento-de-guia-amplia-el-plazo-para-las-ayudas-al-estudio\/","headline":"El ayuntamiento de Gu\u00eda ampl\u00eda el plazo para las ayudas al estudio","name":"El ayuntamiento de Gu\u00eda ampl\u00eda el plazo para las ayudas al estudio","description":"Related posts:Conversaciones con Ram\u00f3n Wall: Coaching, inteligencia emocional y Programaci\u00f3n neuroling\u00fc\u00edstica.LA DISTINCIO\u0301N DE LA DISTINCIO\u0301N \u2013 UN CIELO ESTRELLADOSeti\u00e9n: \u201cDe 90 minutos hemos hecho 80 extraordinarios\u201d","datePublished":"2017-03-28","dateModified":"2017-03-28","author":{"@type":"Person","@id":"https:\/\/www.canariasconfidencial.com\/author\/admin\/#Person","name":"Canarias Confidencial","url":"https:\/\/www.canariasconfidencial.com\/author\/admin\/","image":{"@type":"ImageObject","@id":"https:\/\/secure.gravatar.com\/avatar\/44ad1b7f51be99230dbaef835819598e?s=96&d=mm&r=g","url":"https:\/\/secure.gravatar.com\/avatar\/44ad1b7f51be99230dbaef835819598e?s=96&d=mm&r=g","height":96,"width":96}},"publisher":{"@type":"Organization","name":"Canarias Confidencial","logo":{"@type":"ImageObject","@id":"https:\/\/www.canariasconfidencial.com\/wp-content\/uploads\/2018\/07\/Canarias-Confidencial-1.png","url":"https:\/\/www.canariasconfidencial.com\/wp-content\/uploads\/2018\/07\/Canarias-Confidencial-1.png","width":600,"height":100}},"image":{"@type":"ImageObject","@id":"http:\/\/www.infonortedigital.com\/portada\/images\/noticias\/Guia2015\/ayuntamientoguia2015.jpg","url":"http:\/\/www.infonortedigital.com\/portada\/images\/noticias\/Guia2015\/ayuntamientoguia2015.jpg","height":"","width":""},"url":"https:\/\/www.canariasconfidencial.com\/gran-canaria\/el-ayuntamiento-de-guia-amplia-el-plazo-para-las-ayudas-al-estudio\/","about":["Gran Canaria"],"wordCount":31},{"@context":"https:\/\/schema.org\/","@type":"BreadcrumbList","itemListElement":[{"@type":"ListItem","position":1,"name":"Gran Canaria","item":"https:\/\/www.canariasconfidencial.com\/gran-canaria\/#breadcrumbitem"},{"@type":"ListItem","position":2,"name":"El ayuntamiento de Gu\u00eda ampl\u00eda el plazo para las ayudas al estudio","item":"https:\/\/www.canariasconfidencial.com\/gran-canaria\/el-ayuntamiento-de-guia-amplia-el-plazo-para-las-ayudas-al-estudio\/#breadcrumbitem"}]}]