[{"@context":"https:\/\/schema.org\/","@type":"BlogPosting","@id":"https:\/\/www.canariasconfidencial.com\/gran-canaria\/el-ayuntamiento-de-guia-celebra-el-dia-internacional-de-la-familia\/#BlogPosting","mainEntityOfPage":"https:\/\/www.canariasconfidencial.com\/gran-canaria\/el-ayuntamiento-de-guia-celebra-el-dia-internacional-de-la-familia\/","headline":"El Ayuntamiento de Gu\u00eda celebra el  D\u00eda Internacional de la Familia","name":"El Ayuntamiento de Gu\u00eda celebra el  D\u00eda Internacional de la Familia","description":"Con motivo de la conmemoraci&oacute;n del D&iacute;a Internacional de la Familia, el Ayuntamiento ha organizado para el pr&oacute;ximo viernes 12 un programa de actos l&uacute;dicos que se celebrar&aacute;n en la Plaza Grande, a partir de las 17:00 horas, bajo el lema &ldquo;La m&uacute;sica es ese lugar en el que todos coincidimos&#39;. Los actos, organizados desde [&hellip;]","datePublished":"2017-05-03","dateModified":"2017-05-03","author":{"@type":"Person","@id":"https:\/\/www.canariasconfidencial.com\/author\/admin\/#Person","name":"Canarias Confidencial","url":"https:\/\/www.canariasconfidencial.com\/author\/admin\/","image":{"@type":"ImageObject","@id":"https:\/\/secure.gravatar.com\/avatar\/44ad1b7f51be99230dbaef835819598e?s=96&d=mm&r=g","url":"https:\/\/secure.gravatar.com\/avatar\/44ad1b7f51be99230dbaef835819598e?s=96&d=mm&r=g","height":96,"width":96}},"publisher":{"@type":"Organization","name":"Canarias Confidencial","logo":{"@type":"ImageObject","@id":"https:\/\/www.canariasconfidencial.com\/wp-content\/uploads\/2018\/07\/Canarias-Confidencial-1.png","url":"https:\/\/www.canariasconfidencial.com\/wp-content\/uploads\/2018\/07\/Canarias-Confidencial-1.png","width":600,"height":100}},"image":{"@type":"ImageObject","@id":"http:\/\/www.infonortedigital.com\/portada\/images\/noticias\/Guia2015\/Guia_2017\/familiadia.jpg","url":"http:\/\/www.infonortedigital.com\/portada\/images\/noticias\/Guia2015\/Guia_2017\/familiadia.jpg","height":"","width":""},"url":"https:\/\/www.canariasconfidencial.com\/gran-canaria\/el-ayuntamiento-de-guia-celebra-el-dia-internacional-de-la-familia\/","about":["Gran Canaria"],"wordCount":181},{"@context":"https:\/\/schema.org\/","@type":"BreadcrumbList","itemListElement":[{"@type":"ListItem","position":1,"name":"Gran Canaria","item":"https:\/\/www.canariasconfidencial.com\/gran-canaria\/#breadcrumbitem"},{"@type":"ListItem","position":2,"name":"El Ayuntamiento de Gu\u00eda celebra el  D\u00eda Internacional de la Familia","item":"https:\/\/www.canariasconfidencial.com\/gran-canaria\/el-ayuntamiento-de-guia-celebra-el-dia-internacional-de-la-familia\/#breadcrumbitem"}]}]