[{"@context":"https:\/\/schema.org\/","@type":"BlogPosting","@id":"https:\/\/www.canariasconfidencial.com\/gran-canaria\/el-ayuntamiento-de-la-villa-de-moya-apuesta-por-la-formacion-e-innovacion-en-el-sector-primario\/#BlogPosting","mainEntityOfPage":"https:\/\/www.canariasconfidencial.com\/gran-canaria\/el-ayuntamiento-de-la-villa-de-moya-apuesta-por-la-formacion-e-innovacion-en-el-sector-primario\/","headline":"El ayuntamiento de la Villa de Moya apuesta por la formaci\u00f3n e innovaci\u00f3n en el sector primario","name":"El ayuntamiento de la Villa de Moya apuesta por la formaci\u00f3n e innovaci\u00f3n en el sector primario","description":"&nbsp; &ldquo;Hay que apostar por nuevos cultivos que puedan ser econ&oacute;micamente rentables y por la formaci&oacute;n, innovaci&oacute;n y profesionalizaci&oacute;n de los trabajadores del sector primario&rdquo;, manifest&oacute; el consejero regional de este &aacute;rea, Narvay Quintero. Quien remarc&oacute; que, para ese fin, el Gobierno de Canarias cuenta con l&iacute;neas espec&iacute;ficas de ayudas, &ldquo;en las que hemos priorizado [&hellip;]","datePublished":"2016-05-12","dateModified":"2016-05-12","author":{"@type":"Person","@id":"https:\/\/www.canariasconfidencial.com\/author\/admin\/#Person","name":"Canarias Confidencial","url":"https:\/\/www.canariasconfidencial.com\/author\/admin\/","image":{"@type":"ImageObject","@id":"https:\/\/secure.gravatar.com\/avatar\/44ad1b7f51be99230dbaef835819598e?s=96&d=mm&r=g","url":"https:\/\/secure.gravatar.com\/avatar\/44ad1b7f51be99230dbaef835819598e?s=96&d=mm&r=g","height":96,"width":96}},"publisher":{"@type":"Organization","name":"Canarias Confidencial","logo":{"@type":"ImageObject","@id":"https:\/\/www.canariasconfidencial.com\/wp-content\/uploads\/2018\/07\/Canarias-Confidencial-1.png","url":"https:\/\/www.canariasconfidencial.com\/wp-content\/uploads\/2018\/07\/Canarias-Confidencial-1.png","width":600,"height":100}},"image":{"@type":"ImageObject","@id":"http:\/\/www.ucarecdn.com\/e78df4d6-a72f-45c6-9aee-3757427c6029\/-\/preview\/","url":"http:\/\/www.ucarecdn.com\/e78df4d6-a72f-45c6-9aee-3757427c6029\/-\/preview\/","height":"","width":""},"url":"https:\/\/www.canariasconfidencial.com\/gran-canaria\/el-ayuntamiento-de-la-villa-de-moya-apuesta-por-la-formacion-e-innovacion-en-el-sector-primario\/","about":["Gran Canaria"],"wordCount":611},{"@context":"https:\/\/schema.org\/","@type":"BreadcrumbList","itemListElement":[{"@type":"ListItem","position":1,"name":"Gran Canaria","item":"https:\/\/www.canariasconfidencial.com\/gran-canaria\/#breadcrumbitem"},{"@type":"ListItem","position":2,"name":"El ayuntamiento de la Villa de Moya apuesta por la formaci\u00f3n e innovaci\u00f3n en el sector primario","item":"https:\/\/www.canariasconfidencial.com\/gran-canaria\/el-ayuntamiento-de-la-villa-de-moya-apuesta-por-la-formacion-e-innovacion-en-el-sector-primario\/#breadcrumbitem"}]}]