[{"@context":"https:\/\/schema.org\/","@type":"BlogPosting","@id":"https:\/\/www.canariasconfidencial.com\/gran-canaria\/el-ayuntamiento-de-la-villa-de-moya-buscara-financiacion-de-la-ue-para-diferentes-proyectos\/#BlogPosting","mainEntityOfPage":"https:\/\/www.canariasconfidencial.com\/gran-canaria\/el-ayuntamiento-de-la-villa-de-moya-buscara-financiacion-de-la-ue-para-diferentes-proyectos\/","headline":"El Ayuntamiento de la Villa de Moya buscar\u00e1 financiaci\u00f3n de la UE para diferentes proyectos","name":"El Ayuntamiento de la Villa de Moya buscar\u00e1 financiaci\u00f3n de la UE para diferentes proyectos","description":"El alcalde de la Villa de Moya, Poli Su&aacute;rez, el concejal de Urbanismo y Saneamiento, Ra&uacute;l Afonso, y el concejal de Desarrollo Local, Santiago Santana, mantuvieron esta semana una reuni&oacute;n con el consejero de Desarrollo Econ&oacute;mico, Energ&iacute;a e I+D+i del Cabildo de Gran Canaria, Ra&uacute;l Garc&iacute;a Brink, a quien explicaron los diferentes proyectos ideados por [&hellip;]","datePublished":"2016-07-13","dateModified":"2016-07-13","author":{"@type":"Person","@id":"https:\/\/www.canariasconfidencial.com\/author\/admin\/#Person","name":"Canarias Confidencial","url":"https:\/\/www.canariasconfidencial.com\/author\/admin\/","image":{"@type":"ImageObject","@id":"https:\/\/secure.gravatar.com\/avatar\/44ad1b7f51be99230dbaef835819598e?s=96&d=mm&r=g","url":"https:\/\/secure.gravatar.com\/avatar\/44ad1b7f51be99230dbaef835819598e?s=96&d=mm&r=g","height":96,"width":96}},"publisher":{"@type":"Organization","name":"Canarias Confidencial","logo":{"@type":"ImageObject","@id":"https:\/\/www.canariasconfidencial.com\/wp-content\/uploads\/2018\/07\/Canarias-Confidencial-1.png","url":"https:\/\/www.canariasconfidencial.com\/wp-content\/uploads\/2018\/07\/Canarias-Confidencial-1.png","width":600,"height":100}},"image":{"@type":"ImageObject","@id":"http:\/\/www.infonortedigital.com\/portada\/images\/noticias\/Moya_2015\/Moya_2016\/europaproyectos.jpg","url":"http:\/\/www.infonortedigital.com\/portada\/images\/noticias\/Moya_2015\/Moya_2016\/europaproyectos.jpg","height":"","width":""},"url":"https:\/\/www.canariasconfidencial.com\/gran-canaria\/el-ayuntamiento-de-la-villa-de-moya-buscara-financiacion-de-la-ue-para-diferentes-proyectos\/","about":["Gran Canaria"],"wordCount":355},{"@context":"https:\/\/schema.org\/","@type":"BreadcrumbList","itemListElement":[{"@type":"ListItem","position":1,"name":"Gran Canaria","item":"https:\/\/www.canariasconfidencial.com\/gran-canaria\/#breadcrumbitem"},{"@type":"ListItem","position":2,"name":"El Ayuntamiento de la Villa de Moya buscar\u00e1 financiaci\u00f3n de la UE para diferentes proyectos","item":"https:\/\/www.canariasconfidencial.com\/gran-canaria\/el-ayuntamiento-de-la-villa-de-moya-buscara-financiacion-de-la-ue-para-diferentes-proyectos\/#breadcrumbitem"}]}]