[{"@context":"https:\/\/schema.org\/","@type":"BlogPosting","@id":"https:\/\/www.canariasconfidencial.com\/gran-canaria\/el-ayuntamiento-de-la-villa-de-moya-supera-la-media-estatal-de-inversion-en-politicas-sociales\/#BlogPosting","mainEntityOfPage":"https:\/\/www.canariasconfidencial.com\/gran-canaria\/el-ayuntamiento-de-la-villa-de-moya-supera-la-media-estatal-de-inversion-en-politicas-sociales\/","headline":"El Ayuntamiento de la Villa de Moya supera la media estatal de inversi\u00f3n en Pol\u00edticas Sociales","name":"El Ayuntamiento de la Villa de Moya supera la media estatal de inversi\u00f3n en Pol\u00edticas Sociales","description":"En el cap&iacute;tulo de Servicios Sociales y Promoci&oacute;n Social, el gasto medio por habitante se situ&oacute; en el municipio norte&ntilde;o en 94,29 euros, mientras que la media nacional fue de 74,32 euros; 94,54 euros la de Canarias; y 84,66 euros de la provincia de Las Palmas. Por otro lado, la inversi&oacute;n media por habitante en [&hellip;]","datePublished":"2016-06-23","dateModified":"2016-06-23","author":{"@type":"Person","@id":"https:\/\/www.canariasconfidencial.com\/author\/admin\/#Person","name":"Canarias Confidencial","url":"https:\/\/www.canariasconfidencial.com\/author\/admin\/","image":{"@type":"ImageObject","@id":"https:\/\/secure.gravatar.com\/avatar\/44ad1b7f51be99230dbaef835819598e?s=96&d=mm&r=g","url":"https:\/\/secure.gravatar.com\/avatar\/44ad1b7f51be99230dbaef835819598e?s=96&d=mm&r=g","height":96,"width":96}},"publisher":{"@type":"Organization","name":"Canarias Confidencial","logo":{"@type":"ImageObject","@id":"https:\/\/www.canariasconfidencial.com\/wp-content\/uploads\/2018\/07\/Canarias-Confidencial-1.png","url":"https:\/\/www.canariasconfidencial.com\/wp-content\/uploads\/2018\/07\/Canarias-Confidencial-1.png","width":600,"height":100}},"image":{"@type":"ImageObject","@id":"http:\/\/www.ucarecdn.com\/e087b992-84d2-442b-8ec7-326b24af5a0c\/-\/preview\/","url":"http:\/\/www.ucarecdn.com\/e087b992-84d2-442b-8ec7-326b24af5a0c\/-\/preview\/","height":"","width":""},"url":"https:\/\/www.canariasconfidencial.com\/gran-canaria\/el-ayuntamiento-de-la-villa-de-moya-supera-la-media-estatal-de-inversion-en-politicas-sociales\/","about":["Gran Canaria"],"wordCount":257},{"@context":"https:\/\/schema.org\/","@type":"BreadcrumbList","itemListElement":[{"@type":"ListItem","position":1,"name":"Gran Canaria","item":"https:\/\/www.canariasconfidencial.com\/gran-canaria\/#breadcrumbitem"},{"@type":"ListItem","position":2,"name":"El Ayuntamiento de la Villa de Moya supera la media estatal de inversi\u00f3n en Pol\u00edticas Sociales","item":"https:\/\/www.canariasconfidencial.com\/gran-canaria\/el-ayuntamiento-de-la-villa-de-moya-supera-la-media-estatal-de-inversion-en-politicas-sociales\/#breadcrumbitem"}]}]