[{"@context":"https:\/\/schema.org\/","@type":"BlogPosting","@id":"https:\/\/www.canariasconfidencial.com\/gran-canaria\/el-ayuntamiento-de-moya-inicia-los-tramites-para-reponer-las-plazas-vacantes-de-policia-local\/#BlogPosting","mainEntityOfPage":"https:\/\/www.canariasconfidencial.com\/gran-canaria\/el-ayuntamiento-de-moya-inicia-los-tramites-para-reponer-las-plazas-vacantes-de-policia-local\/","headline":"El Ayuntamiento de Moya inicia los tr\u00e1mites para reponer las plazas vacantes de Polic\u00eda Local","name":"El Ayuntamiento de Moya inicia los tr\u00e1mites para reponer las plazas vacantes de Polic\u00eda Local","description":"&nbsp; El Pleno del Ayuntamiento de la Villa de Moya aprob&oacute; por unanimidad la propuesta del PP, en el Grupo de Gobierno, de iniciar los tr&aacute;mites para reponer las plazas vacantes de Polic&iacute;a Local en el municipio norte&ntilde;o. Es el primer paso para poder presentar la solicitud al Ministerio de Hacienda y Administraciones P&uacute;blicas, que [&hellip;]","datePublished":"2016-01-29","dateModified":"2016-01-29","author":{"@type":"Person","@id":"https:\/\/www.canariasconfidencial.com\/author\/admin\/#Person","name":"Canarias Confidencial","url":"https:\/\/www.canariasconfidencial.com\/author\/admin\/","image":{"@type":"ImageObject","@id":"https:\/\/secure.gravatar.com\/avatar\/44ad1b7f51be99230dbaef835819598e?s=96&d=mm&r=g","url":"https:\/\/secure.gravatar.com\/avatar\/44ad1b7f51be99230dbaef835819598e?s=96&d=mm&r=g","height":96,"width":96}},"publisher":{"@type":"Organization","name":"Canarias Confidencial","logo":{"@type":"ImageObject","@id":"https:\/\/www.canariasconfidencial.com\/wp-content\/uploads\/2018\/07\/Canarias-Confidencial-1.png","url":"https:\/\/www.canariasconfidencial.com\/wp-content\/uploads\/2018\/07\/Canarias-Confidencial-1.png","width":600,"height":100}},"image":{"@type":"ImageObject","@id":"http:\/\/www.ucarecdn.com\/66633864-ec1e-4864-b0d4-61164fea56d6\/-\/preview\/","url":"http:\/\/www.ucarecdn.com\/66633864-ec1e-4864-b0d4-61164fea56d6\/-\/preview\/","height":"","width":""},"url":"https:\/\/www.canariasconfidencial.com\/gran-canaria\/el-ayuntamiento-de-moya-inicia-los-tramites-para-reponer-las-plazas-vacantes-de-policia-local\/","about":["Gran Canaria"],"wordCount":408},{"@context":"https:\/\/schema.org\/","@type":"BreadcrumbList","itemListElement":[{"@type":"ListItem","position":1,"name":"Gran Canaria","item":"https:\/\/www.canariasconfidencial.com\/gran-canaria\/#breadcrumbitem"},{"@type":"ListItem","position":2,"name":"El Ayuntamiento de Moya inicia los tr\u00e1mites para reponer las plazas vacantes de Polic\u00eda Local","item":"https:\/\/www.canariasconfidencial.com\/gran-canaria\/el-ayuntamiento-de-moya-inicia-los-tramites-para-reponer-las-plazas-vacantes-de-policia-local\/#breadcrumbitem"}]}]