[{"@context":"https:\/\/schema.org\/","@type":"BlogPosting","@id":"https:\/\/www.canariasconfidencial.com\/gran-canaria\/el-ayuntamiento-de-teror-inicia-su-programacion-de-actos-navidenos\/#BlogPosting","mainEntityOfPage":"https:\/\/www.canariasconfidencial.com\/gran-canaria\/el-ayuntamiento-de-teror-inicia-su-programacion-de-actos-navidenos\/","headline":"El Ayuntamiento de Teror inicia su programaci\u00f3n de actos navide\u00f1os","name":"El Ayuntamiento de Teror inicia su programaci\u00f3n de actos navide\u00f1os","description":"&nbsp; El amplio programa de actos navide&ntilde;os organizado por el Ayuntamiento de Teror se inicia este fin de semana con la inauguraci&oacute;n, este domingo 13 de diciembre a las 12:00 horas, de un Bel&eacute;n Solidario en la Casa de la Cultura de Teror, realizado por el&nbsp; belenista terorense Benjam&iacute;n Ram&iacute;rez. Tras este acto continuar&aacute;n m&uacute;ltiples [&hellip;]","datePublished":"2015-12-12","dateModified":"2015-12-12","author":{"@type":"Person","@id":"https:\/\/www.canariasconfidencial.com\/author\/admin\/#Person","name":"Canarias Confidencial","url":"https:\/\/www.canariasconfidencial.com\/author\/admin\/","image":{"@type":"ImageObject","@id":"https:\/\/secure.gravatar.com\/avatar\/44ad1b7f51be99230dbaef835819598e?s=96&d=mm&r=g","url":"https:\/\/secure.gravatar.com\/avatar\/44ad1b7f51be99230dbaef835819598e?s=96&d=mm&r=g","height":96,"width":96}},"publisher":{"@type":"Organization","name":"Canarias Confidencial","logo":{"@type":"ImageObject","@id":"https:\/\/www.canariasconfidencial.com\/wp-content\/uploads\/2018\/07\/Canarias-Confidencial-1.png","url":"https:\/\/www.canariasconfidencial.com\/wp-content\/uploads\/2018\/07\/Canarias-Confidencial-1.png","width":600,"height":100}},"image":{"@type":"ImageObject","@id":"http:\/\/www.ucarecdn.com\/bbe4dda0-539d-44ba-ac23-8bf5b2ade0f5\/-\/preview\/","url":"http:\/\/www.ucarecdn.com\/bbe4dda0-539d-44ba-ac23-8bf5b2ade0f5\/-\/preview\/","height":"","width":""},"url":"https:\/\/www.canariasconfidencial.com\/gran-canaria\/el-ayuntamiento-de-teror-inicia-su-programacion-de-actos-navidenos\/","about":["Gran Canaria"],"wordCount":1453},{"@context":"https:\/\/schema.org\/","@type":"BreadcrumbList","itemListElement":[{"@type":"ListItem","position":1,"name":"Gran Canaria","item":"https:\/\/www.canariasconfidencial.com\/gran-canaria\/#breadcrumbitem"},{"@type":"ListItem","position":2,"name":"El Ayuntamiento de Teror inicia su programaci\u00f3n de actos navide\u00f1os","item":"https:\/\/www.canariasconfidencial.com\/gran-canaria\/el-ayuntamiento-de-teror-inicia-su-programacion-de-actos-navidenos\/#breadcrumbitem"}]}]