[{"@context":"https:\/\/schema.org\/","@type":"BlogPosting","@id":"https:\/\/www.canariasconfidencial.com\/gran-canaria\/el-ayuntamiento-quiere-ampliar-la-zona-comercial-abierta-al-paseo-gonzalez-diaz\/#BlogPosting","mainEntityOfPage":"https:\/\/www.canariasconfidencial.com\/gran-canaria\/el-ayuntamiento-quiere-ampliar-la-zona-comercial-abierta-al-paseo-gonzalez-diaz\/","headline":"El Ayuntamiento quiere ampliar la Zona Comercial Abierta al Paseo Gonz\u00e1lez D\u00edaz","name":"El Ayuntamiento quiere ampliar la Zona Comercial Abierta al Paseo Gonz\u00e1lez D\u00edaz","description":"&nbsp; La alcaldesa de Teror, Isabel Guerra, present&oacute; esta ma&ntilde;ana a la directora general de Comercio y Consumo del Gobierno de Canarias, &Aacute;ngeles Palmero, la iniciativa del Ayuntamiento de Teror de ampliar la Zona Comercial Abierta al Muro Nuevo, la calle Isaac Dom&iacute;nguez y el tramo del Paseo Gonz&aacute;lez D&iacute;az hasta su confluencia con la [&hellip;]","datePublished":"2016-02-10","dateModified":"2016-02-10","author":{"@type":"Person","@id":"https:\/\/www.canariasconfidencial.com\/author\/admin\/#Person","name":"Canarias Confidencial","url":"https:\/\/www.canariasconfidencial.com\/author\/admin\/","image":{"@type":"ImageObject","@id":"https:\/\/secure.gravatar.com\/avatar\/44ad1b7f51be99230dbaef835819598e?s=96&d=mm&r=g","url":"https:\/\/secure.gravatar.com\/avatar\/44ad1b7f51be99230dbaef835819598e?s=96&d=mm&r=g","height":96,"width":96}},"publisher":{"@type":"Organization","name":"Canarias Confidencial","logo":{"@type":"ImageObject","@id":"https:\/\/www.canariasconfidencial.com\/wp-content\/uploads\/2018\/07\/Canarias-Confidencial-1.png","url":"https:\/\/www.canariasconfidencial.com\/wp-content\/uploads\/2018\/07\/Canarias-Confidencial-1.png","width":600,"height":100}},"image":{"@type":"ImageObject","@id":"http:\/\/www.ucarecdn.com\/151d9b50-d82c-4e24-ab9f-6be72a131967\/-\/preview\/","url":"http:\/\/www.ucarecdn.com\/151d9b50-d82c-4e24-ab9f-6be72a131967\/-\/preview\/","height":"","width":""},"url":"https:\/\/www.canariasconfidencial.com\/gran-canaria\/el-ayuntamiento-quiere-ampliar-la-zona-comercial-abierta-al-paseo-gonzalez-diaz\/","about":["Gran Canaria"],"wordCount":273},{"@context":"https:\/\/schema.org\/","@type":"BreadcrumbList","itemListElement":[{"@type":"ListItem","position":1,"name":"Gran Canaria","item":"https:\/\/www.canariasconfidencial.com\/gran-canaria\/#breadcrumbitem"},{"@type":"ListItem","position":2,"name":"El Ayuntamiento quiere ampliar la Zona Comercial Abierta al Paseo Gonz\u00e1lez D\u00edaz","item":"https:\/\/www.canariasconfidencial.com\/gran-canaria\/el-ayuntamiento-quiere-ampliar-la-zona-comercial-abierta-al-paseo-gonzalez-diaz\/#breadcrumbitem"}]}]