[{"@context":"https:\/\/schema.org\/","@type":"BlogPosting","@id":"https:\/\/www.canariasconfidencial.com\/gran-canaria\/el-cabildo-atendera-las-necesidades-de-transporte-publico-planteadas-por-la-red-de-solidaridad-popular-de-jinamar\/#BlogPosting","mainEntityOfPage":"https:\/\/www.canariasconfidencial.com\/gran-canaria\/el-cabildo-atendera-las-necesidades-de-transporte-publico-planteadas-por-la-red-de-solidaridad-popular-de-jinamar\/","headline":"El Cabildo atender\u00e1 las necesidades de transporte p\u00fablico planteadas por la Red de Solidaridad Popular de Jin\u00e1mar","name":"El Cabildo atender\u00e1 las necesidades de transporte p\u00fablico planteadas por la Red de Solidaridad Popular de Jin\u00e1mar","description":"El Cabildo de Gran Canaria atender&aacute; las necesidades de transporte p&uacute;blico planteadas por la Red de Solidaridad Popular de Jin&aacute;mar para garantizar la movilidad de las personas que no tienen recursos econ&oacute;micos, as&iacute; como cualquier otro tipo de ayudas b&aacute;sicas, a trav&eacute;s de su Plan de Choque contra la Pobreza. De momento, el Cabildo ya [&hellip;]","datePublished":"2016-03-17","dateModified":"2016-03-17","author":{"@type":"Person","@id":"https:\/\/www.canariasconfidencial.com\/author\/admin\/#Person","name":"Canarias Confidencial","url":"https:\/\/www.canariasconfidencial.com\/author\/admin\/","image":{"@type":"ImageObject","@id":"https:\/\/secure.gravatar.com\/avatar\/44ad1b7f51be99230dbaef835819598e?s=96&d=mm&r=g","url":"https:\/\/secure.gravatar.com\/avatar\/44ad1b7f51be99230dbaef835819598e?s=96&d=mm&r=g","height":96,"width":96}},"publisher":{"@type":"Organization","name":"Canarias Confidencial","logo":{"@type":"ImageObject","@id":"https:\/\/www.canariasconfidencial.com\/wp-content\/uploads\/2018\/07\/Canarias-Confidencial-1.png","url":"https:\/\/www.canariasconfidencial.com\/wp-content\/uploads\/2018\/07\/Canarias-Confidencial-1.png","width":600,"height":100}},"image":{"@type":"ImageObject","@id":"https:\/\/www.canariasconfidencial.com\/wp-content\/uploads\/2018\/04\/avatar-2155431_640.png","url":"https:\/\/www.canariasconfidencial.com\/wp-content\/uploads\/2018\/04\/avatar-2155431_640.png","width":640,"height":360},"url":"https:\/\/www.canariasconfidencial.com\/gran-canaria\/el-cabildo-atendera-las-necesidades-de-transporte-publico-planteadas-por-la-red-de-solidaridad-popular-de-jinamar\/","about":["Gran Canaria"],"wordCount":368},{"@context":"https:\/\/schema.org\/","@type":"BreadcrumbList","itemListElement":[{"@type":"ListItem","position":1,"name":"Gran Canaria","item":"https:\/\/www.canariasconfidencial.com\/gran-canaria\/#breadcrumbitem"},{"@type":"ListItem","position":2,"name":"El Cabildo atender\u00e1 las necesidades de transporte p\u00fablico planteadas por la Red de Solidaridad Popular de Jin\u00e1mar","item":"https:\/\/www.canariasconfidencial.com\/gran-canaria\/el-cabildo-atendera-las-necesidades-de-transporte-publico-planteadas-por-la-red-de-solidaridad-popular-de-jinamar\/#breadcrumbitem"}]}]