[{"@context":"https:\/\/schema.org\/","@type":"BlogPosting","@id":"https:\/\/www.canariasconfidencial.com\/gran-canaria\/el-cabildo-de-gran-canaria-integra-a-tejeda_-agaete-y-galdar-en-el-proceso-para-declarar-a-risco-caido-patrimonio-mundial-junto-a-artenara\/#BlogPosting","mainEntityOfPage":"https:\/\/www.canariasconfidencial.com\/gran-canaria\/el-cabildo-de-gran-canaria-integra-a-tejeda_-agaete-y-galdar-en-el-proceso-para-declarar-a-risco-caido-patrimonio-mundial-junto-a-artenara\/","headline":"El Cabildo de Gran Canaria integra a Tejeda, Agaete y G\u00e1ldar en el proceso para declarar a Risco Ca\u00eddo Patrimonio Mundial junto a Artenara","name":"El Cabildo de Gran Canaria integra a Tejeda, Agaete y G\u00e1ldar en el proceso para declarar a Risco Ca\u00eddo Patrimonio Mundial junto a Artenara","description":"El Cabildo de Gran Canaria ha implicado a los municipios de Tejeda, Agaete y G&aacute;ldar junto al de Artenara en el proceso para declarar Patrimonio Mundial de la UNESCO a Risco Ca&iacute;do tras la ampliaci&oacute;n de la candidatura a los Espacios Sagrados de Monta&ntilde;a de Gran Canaria. As&iacute; lo anunci&oacute; su presidente, Antonio Morales, tras [&hellip;]","datePublished":"2016-05-09","dateModified":"2016-05-09","author":{"@type":"Person","@id":"https:\/\/www.canariasconfidencial.com\/author\/admin\/#Person","name":"Canarias Confidencial","url":"https:\/\/www.canariasconfidencial.com\/author\/admin\/","image":{"@type":"ImageObject","@id":"https:\/\/secure.gravatar.com\/avatar\/44ad1b7f51be99230dbaef835819598e?s=96&d=mm&r=g","url":"https:\/\/secure.gravatar.com\/avatar\/44ad1b7f51be99230dbaef835819598e?s=96&d=mm&r=g","height":96,"width":96}},"publisher":{"@type":"Organization","name":"Canarias Confidencial","logo":{"@type":"ImageObject","@id":"https:\/\/www.canariasconfidencial.com\/wp-content\/uploads\/2018\/07\/Canarias-Confidencial-1.png","url":"https:\/\/www.canariasconfidencial.com\/wp-content\/uploads\/2018\/07\/Canarias-Confidencial-1.png","width":600,"height":100}},"image":{"@type":"ImageObject","@id":"http:\/\/www.ucarecdn.com\/092dc7d7-c12c-40af-9220-0123eaaff7ad\/-\/preview\/","url":"http:\/\/www.ucarecdn.com\/092dc7d7-c12c-40af-9220-0123eaaff7ad\/-\/preview\/","height":"","width":""},"url":"https:\/\/www.canariasconfidencial.com\/gran-canaria\/el-cabildo-de-gran-canaria-integra-a-tejeda_-agaete-y-galdar-en-el-proceso-para-declarar-a-risco-caido-patrimonio-mundial-junto-a-artenara\/","about":["Gran Canaria"],"wordCount":534},{"@context":"https:\/\/schema.org\/","@type":"BreadcrumbList","itemListElement":[{"@type":"ListItem","position":1,"name":"Gran Canaria","item":"https:\/\/www.canariasconfidencial.com\/gran-canaria\/#breadcrumbitem"},{"@type":"ListItem","position":2,"name":"El Cabildo de Gran Canaria integra a Tejeda, Agaete y G\u00e1ldar en el proceso para declarar a Risco Ca\u00eddo Patrimonio Mundial junto a Artenara","item":"https:\/\/www.canariasconfidencial.com\/gran-canaria\/el-cabildo-de-gran-canaria-integra-a-tejeda_-agaete-y-galdar-en-el-proceso-para-declarar-a-risco-caido-patrimonio-mundial-junto-a-artenara\/#breadcrumbitem"}]}]