[{"@context":"https:\/\/schema.org\/","@type":"BlogPosting","@id":"https:\/\/www.canariasconfidencial.com\/gran-canaria\/el-cabildo-integra-a-los-medios-en-su-sistema-de-proteccion-civil-con-una-jornada-que-los-habilitara-para-entrar-en-los-incendios\/#BlogPosting","mainEntityOfPage":"https:\/\/www.canariasconfidencial.com\/gran-canaria\/el-cabildo-integra-a-los-medios-en-su-sistema-de-proteccion-civil-con-una-jornada-que-los-habilitara-para-entrar-en-los-incendios\/","headline":"El Cabildo integra a los medios en su sistema de protecci\u00f3n civil con una jornada que los habilitar\u00e1 para entrar en los incendios","name":"El Cabildo integra a los medios en su sistema de protecci\u00f3n civil con una jornada que los habilitar\u00e1 para entrar en los incendios","description":"&nbsp; Ser&aacute; el pr&oacute;ximo s&aacute;bado 2 de julio en el Centro de Coordinaci&oacute;n Operativa Insular (Cecopin) del Cabildo de Gran Canaria, desde donde se dirigen los operativos de emergencias, en una jornada intensiva de siete horas que comenzar&aacute; a las 9.00 impartida por el experto Ferran Dalmau, para lo que solo hay que enviar los [&hellip;]","datePublished":"2016-06-23","dateModified":"2016-06-23","author":{"@type":"Person","@id":"https:\/\/www.canariasconfidencial.com\/author\/admin\/#Person","name":"Canarias Confidencial","url":"https:\/\/www.canariasconfidencial.com\/author\/admin\/","image":{"@type":"ImageObject","@id":"https:\/\/secure.gravatar.com\/avatar\/44ad1b7f51be99230dbaef835819598e?s=96&d=mm&r=g","url":"https:\/\/secure.gravatar.com\/avatar\/44ad1b7f51be99230dbaef835819598e?s=96&d=mm&r=g","height":96,"width":96}},"publisher":{"@type":"Organization","name":"Canarias Confidencial","logo":{"@type":"ImageObject","@id":"https:\/\/www.canariasconfidencial.com\/wp-content\/uploads\/2018\/07\/Canarias-Confidencial-1.png","url":"https:\/\/www.canariasconfidencial.com\/wp-content\/uploads\/2018\/07\/Canarias-Confidencial-1.png","width":600,"height":100}},"image":{"@type":"ImageObject","@id":"https:\/\/www.canariasconfidencial.com\/wp-content\/uploads\/2018\/04\/avatar-2155431_640.png","url":"https:\/\/www.canariasconfidencial.com\/wp-content\/uploads\/2018\/04\/avatar-2155431_640.png","width":640,"height":360},"url":"https:\/\/www.canariasconfidencial.com\/gran-canaria\/el-cabildo-integra-a-los-medios-en-su-sistema-de-proteccion-civil-con-una-jornada-que-los-habilitara-para-entrar-en-los-incendios\/","about":["Gran Canaria"],"wordCount":759},{"@context":"https:\/\/schema.org\/","@type":"BreadcrumbList","itemListElement":[{"@type":"ListItem","position":1,"name":"Gran Canaria","item":"https:\/\/www.canariasconfidencial.com\/gran-canaria\/#breadcrumbitem"},{"@type":"ListItem","position":2,"name":"El Cabildo integra a los medios en su sistema de protecci\u00f3n civil con una jornada que los habilitar\u00e1 para entrar en los incendios","item":"https:\/\/www.canariasconfidencial.com\/gran-canaria\/el-cabildo-integra-a-los-medios-en-su-sistema-de-proteccion-civil-con-una-jornada-que-los-habilitara-para-entrar-en-los-incendios\/#breadcrumbitem"}]}]